{"id":38500,"date":"2020-04-21T20:16:58","date_gmt":"2020-04-21T23:16:58","guid":{"rendered":"https:\/\/informateesquina.com\/?p=38500"},"modified":"2020-04-21T20:16:58","modified_gmt":"2020-04-21T23:16:58","slug":"se-extendio-la-inscripcion-a-las-becas-progresar-hasta-30-dias-despues-de-la-cuarentena","status":"publish","type":"post","link":"http:\/\/informateesquina.com\/?p=38500","title":{"rendered":"Se extendi\u00f3 la inscripci\u00f3n a las Becas Progresar hasta 30 d\u00edas despu\u00e9s de la cuarentena"},"content":{"rendered":"<div class=\"row pb-content-type-text\">\n<div class=\"col-xs-12 col-print-12\">\n<p class=\"element element-paragraph\">El Ministerio de Educaci\u00f3n de la Naci\u00f3n, a trav\u00e9s de la resoluci\u00f3n N\u00ba 193\/2020,<mark class=\"hl_yellow\"><b>\u00a0inform\u00f3 la pr\u00f3rroga en la inscripci\u00f3n de las becas Progresar para la l\u00ednea de Finalizaci\u00f3n de Educaci\u00f3n Obligatoria -primaria y secundaria- hasta 30 d\u00edas posteriores al aislamiento social, preventivo y obligatorio.<\/b><\/mark><\/p>\n<\/div>\n<\/div>\n<div class=\"row pb-content-type-text\">\n<div class=\"col-xs-12 col-print-12\">\n<p class=\"element element-paragraph\">\u201cLa nueva pr\u00f3rroga surge de la necesidad de continuar brind\u00e1ndole oportunidades a los sectores m\u00e1s vulnerables de la poblaci\u00f3n, comprendiendo las dificultades que pueden tener en cuanto a la modalidad de inscripci\u00f3n\u201d, informaron desde la cartera.<\/p>\n<\/div>\n<\/div>\n<div class=\"row pb-content-type-text\">\n<div class=\"col-xs-12 col-print-12\">\n<p class=\"element element-paragraph\">La inscripci\u00f3n es a trav\u00e9s del portal de la ANSES y de manera presencial en sus dependencias.\u00a0<b>Los requisitos generales para poder acceder al Programa son:<\/b><\/p>\n<\/div>\n<\/div>\n<div class=\"row pb-content-type-text\">\n<div class=\"col-xs-12 col-print-12\">\n<p class=\"element element-paragraph\">1) tener entre 18 y 24 a\u00f1os de edad<\/p>\n<\/div>\n<\/div>\n<div class=\"row pb-content-type-text\">\n<div id=\"\" class=\"wrapper clearfix pb-feature pb-layout-item pb-f-ads-dfp left-align\"><\/div>\n<div class=\"col-xs-12 col-print-12\">\n<p class=\"element element-paragraph\">2) ser argentina o argentino nativo o naturalizado con DNI y tener 5 a\u00f1os de residencia en el pa\u00eds<\/p>\n<\/div>\n<\/div>\n<div class=\"row pb-content-type-text\">\n<div class=\"col-xs-12 col-print-12\">\n<p class=\"element element-paragraph\">3) no ser titular de un plan o programa social nacional, provincial o municipal<\/p>\n<\/div>\n<\/div>\n<div class=\"row pb-content-type-text\">\n<div class=\"col-xs-12 col-print-12\">\n<p class=\"element element-paragraph\">4) que los ingresos de la o el joven y\/o los de su grupo familiar (padre, madre o pareja conviviente) no superen los 3 salarios m\u00ednimos, vitales y m\u00f3viles (el SMVM a la fecha asciende a $16.875)<\/p>\n<\/div>\n<\/div>\n<div class=\"row pb-content-type-text\">\n<div class=\"col-xs-12 col-print-12\">\n<p class=\"element element-paragraph\">5) ser estudiante regular de una instituci\u00f3n o presentar el certificado de inscripci\u00f3n a un curso de profesionalizaci\u00f3n.<\/p>\n<\/div>\n<\/div>\n<div class=\"row pb-content-type-text\">\n<div class=\"col-xs-12 col-print-12\">\n<p class=\"element element-paragraph\">El Programa de Respaldo a Estudiantes Argentinos se cre\u00f3 en 2014 con el fin de generar oportunidades de inclusi\u00f3n social a los j\u00f3venes en situaci\u00f3n de vulnerabilidad, a trav\u00e9s de acciones integradas que permitan su capacitaci\u00f3n e inserci\u00f3n laboral.<\/p>\n<\/div>\n<\/div>\n","protected":false},"excerpt":{"rendered":"<p>El Ministerio de Educaci\u00f3n de la Naci\u00f3n, a trav\u00e9s de la resoluci\u00f3n N\u00ba 193\/2020,\u00a0inform\u00f3 la pr\u00f3rroga en la inscripci\u00f3n de las becas Progresar para la l\u00ednea de Finalizaci\u00f3n de Educaci\u00f3n Obligatoria -primaria y secundaria- hasta 30 d\u00edas posteriores al aislamiento social, preventivo y obligatorio. \u201cLa nueva pr\u00f3rroga surge de la necesidad de continuar brind\u00e1ndole oportunidades [&hellip;]<\/p>\n","protected":false},"author":1,"featured_media":38501,"comment_status":"closed","ping_status":"closed","sticky":false,"template":"","format":"standard","meta":{"footnotes":""},"categories":[11],"tags":[136],"class_list":["post-38500","post","type-post","status-publish","format-standard","has-post-thumbnail","hentry","category-sociedad","tag-destacados"],"_links":{"self":[{"href":"http:\/\/informateesquina.com\/index.php?rest_route=\/wp\/v2\/posts\/38500","targetHints":{"allow":["GET"]}}],"collection":[{"href":"http:\/\/informateesquina.com\/index.php?rest_route=\/wp\/v2\/posts"}],"about":[{"href":"http:\/\/informateesquina.com\/index.php?rest_route=\/wp\/v2\/types\/post"}],"author":[{"embeddable":true,"href":"http:\/\/informateesquina.com\/index.php?rest_route=\/wp\/v2\/users\/1"}],"replies":[{"embeddable":true,"href":"http:\/\/informateesquina.com\/index.php?rest_route=%2Fwp%2Fv2%2Fcomments&post=38500"}],"version-history":[{"count":0,"href":"http:\/\/informateesquina.com\/index.php?rest_route=\/wp\/v2\/posts\/38500\/revisions"}],"wp:featuredmedia":[{"embeddable":true,"href":"http:\/\/informateesquina.com\/index.php?rest_route=\/"}],"wp:attachment":[{"href":"http:\/\/informateesquina.com\/index.php?rest_route=%2Fwp%2Fv2%2Fmedia&parent=38500"}],"wp:term":[{"taxonomy":"category","embeddable":true,"href":"http:\/\/informateesquina.com\/index.php?rest_route=%2Fwp%2Fv2%2Fcategories&post=38500"},{"taxonomy":"post_tag","embeddable":true,"href":"http:\/\/informateesquina.com\/index.php?rest_route=%2Fwp%2Fv2%2Ftags&post=38500"}],"curies":[{"name":"wp","href":"https:\/\/api.w.org\/{rel}","templated":true}]}}