{"id":38503,"date":"2020-04-21T20:23:35","date_gmt":"2020-04-21T23:23:35","guid":{"rendered":"https:\/\/informateesquina.com\/?p=38503"},"modified":"2020-04-21T20:23:35","modified_gmt":"2020-04-21T23:23:35","slug":"el-interno-muerto-en-el-motin-tenia-22-anos-y-estaba-condenado-por-robo-agravado","status":"publish","type":"post","link":"http:\/\/informateesquina.com\/?p=38503","title":{"rendered":"Video: El interno muerto en el mot\u00edn ten\u00eda 22 a\u00f1os"},"content":{"rendered":"<p class=\"copete\">As\u00ed lo confirm\u00f3 el Subsecretario de Seguridad de la Provincia, Dr. Luis Bravo, a Radio Sudamericana en exclusiva. Sostuvo que el recluso fallecido en el violento mot\u00edn ten\u00eda 22 a\u00f1os y estaba cumpliendo una condena de 6 a\u00f1os por robo agravado.<\/p>\n<div class=\"fotos-y-videos\">\n<p>&nbsp;<\/p>\n<div class=\"tab-content\">\n<div id=\"fotos\" class=\"tab-pane fade in active\" role=\"tabpanel\"><a class=\"fotos-desarrollo unlink\" title=\"El interno fallecido tras violento mot\u00edn ten\u00eda 22 a\u00f1os y estaba condenado por robo agravado\" href=\"https:\/\/www.radiosudamericana.com\/notix\/multimedia\/imagenes\/fotos\/2020-04-21\/632176.jpg\"><img decoding=\"async\" class=\"img-responsive lazyload center-block\" src=\"https:\/\/www.radiosudamericana.com\/notix\/multimedia\/imagenes\/fotos\/2020-04-21\/632176.jpg\" alt=\"foto: El interno fallecido tras violento mot\u00edn ten\u00eda 22 a\u00f1os y estaba condenado por robo agravado\" \/><\/a><\/div>\n<\/div>\n<\/div>\n<p>&nbsp;<\/p>\n<div class=\"audios-desarrollo\">\n<div id=\"audio-1\"><\/div>\n<\/div>\n<div class=\"cuerpo\">\n<p>El interno fue identificado como\u00a0<strong>Jos\u00e9 Mar\u00eda Candia de 22 a\u00f1os<\/strong>, quien estaba alojado en la Unidad Penal N\u00ba1,\u00a0<strong>condenado a 6 a\u00f1os de prisi\u00f3n por robo agravado.<\/strong><\/p>\n<p>Seg\u00fan inform\u00f3 el Subsecretario de Seguridad de la provincia, Dr. Luis Bravo, el interno cumpl\u00eda el primer a\u00f1o de condena y termin\u00f3 falleciendo en la violenta reyerta.<\/p>\n<p>Al menos 11\u00a0personas resultaron heridas, dos de ellos agentes del servicio penitenciario.<\/p>\n<h2><span style=\"color: #ff0000;\"><strong>AS\u00cd RETIRABAN AL INTERNO FALLECIDO<\/strong><\/span><\/h2>\n<div style=\"width: 720px;\" class=\"wp-video\"><video class=\"wp-video-shortcode\" id=\"video-38503-1\" width=\"720\" height=\"480\" preload=\"metadata\" controls=\"controls\"><source type=\"video\/mp4\" src=\"https:\/\/informateesquina.com\/wp-content\/uploads\/2020\/04\/2020042188985038-1.mp4?_=1\" \/><a href=\"https:\/\/informateesquina.com\/wp-content\/uploads\/2020\/04\/2020042188985038-1.mp4\">https:\/\/informateesquina.com\/wp-content\/uploads\/2020\/04\/2020042188985038-1.mp4<\/a><\/video><\/div>\n<\/div>\n","protected":false},"excerpt":{"rendered":"<p>As\u00ed lo confirm\u00f3 el Subsecretario de Seguridad de la Provincia, Dr. Luis Bravo, a Radio Sudamericana en exclusiva. Sostuvo que el recluso fallecido en el violento mot\u00edn ten\u00eda 22 a\u00f1os y estaba cumpliendo una condena de 6 a\u00f1os por robo agravado. &nbsp; &nbsp; El interno fue identificado como\u00a0Jos\u00e9 Mar\u00eda Candia de 22 a\u00f1os, quien estaba [&hellip;]<\/p>\n","protected":false},"author":1,"featured_media":38495,"comment_status":"closed","ping_status":"closed","sticky":false,"template":"","format":"standard","meta":{"footnotes":""},"categories":[8],"tags":[136],"class_list":["post-38503","post","type-post","status-publish","format-standard","has-post-thumbnail","hentry","category-policiales","tag-destacados"],"_links":{"self":[{"href":"http:\/\/informateesquina.com\/index.php?rest_route=\/wp\/v2\/posts\/38503","targetHints":{"allow":["GET"]}}],"collection":[{"href":"http:\/\/informateesquina.com\/index.php?rest_route=\/wp\/v2\/posts"}],"about":[{"href":"http:\/\/informateesquina.com\/index.php?rest_route=\/wp\/v2\/types\/post"}],"author":[{"embeddable":true,"href":"http:\/\/informateesquina.com\/index.php?rest_route=\/wp\/v2\/users\/1"}],"replies":[{"embeddable":true,"href":"http:\/\/informateesquina.com\/index.php?rest_route=%2Fwp%2Fv2%2Fcomments&post=38503"}],"version-history":[{"count":0,"href":"http:\/\/informateesquina.com\/index.php?rest_route=\/wp\/v2\/posts\/38503\/revisions"}],"wp:featuredmedia":[{"embeddable":true,"href":"http:\/\/informateesquina.com\/index.php?rest_route=\/"}],"wp:attachment":[{"href":"http:\/\/informateesquina.com\/index.php?rest_route=%2Fwp%2Fv2%2Fmedia&parent=38503"}],"wp:term":[{"taxonomy":"category","embeddable":true,"href":"http:\/\/informateesquina.com\/index.php?rest_route=%2Fwp%2Fv2%2Fcategories&post=38503"},{"taxonomy":"post_tag","embeddable":true,"href":"http:\/\/informateesquina.com\/index.php?rest_route=%2Fwp%2Fv2%2Ftags&post=38503"}],"curies":[{"name":"wp","href":"https:\/\/api.w.org\/{rel}","templated":true}]}}