{"id":38509,"date":"2020-04-21T23:49:03","date_gmt":"2020-04-22T02:49:03","guid":{"rendered":"https:\/\/informateesquina.com\/?p=38509"},"modified":"2020-04-21T23:49:03","modified_gmt":"2020-04-22T02:49:03","slug":"esquina-delincuentes-entraron-a-robar-a-un-salon-de-catequesis","status":"publish","type":"post","link":"http:\/\/informateesquina.com\/?p=38509","title":{"rendered":"Esquina: Delincuentes entraron a robar a un sal\u00f3n de catequesis"},"content":{"rendered":"<p>Mediante las redes sociales notificaron que lamentablemente los delincuentes aprovecharon la cuarentena para ingresar a robar un sal\u00f3n donde se daba catequesis. Piden ayuda a la comunidad para recuperar lo robado.<\/p>\n<p><strong>EL COMUNICADO:\u00a0<\/strong><\/p>\n<p>EN EL D\u00cdA DE LA FECHA EL PADRE JUAN JOS\u00c9 GODOY DIO LA MALA NOTICIA COMUNICANDO QUE NOS VOLVIERON A ENTRAR A ROBAR EN EL SAL\u00d3N DE CATEQUESIS, DONDE ROBARON APROXIMADAMENTE 55 SILLAS BLANCAS PL\u00c1STICAS, 7 MESAS BLANCAS PL\u00c1STICAS, 3 MESAS PLEGABLES DE LAPACHO, 1 ESCALERA DE MADERA PLEGABLE Y OTROS ELEMENTOS.<\/p>\n<p>QUEREMOS INFORMAR SI ALGUNO SABE O SE ENTERA QUE EST\u00c1 VENDIENDO ALGUNOS DE ESTOS ELEMENTOS QUE POR FAVOR SEPA QUE ES DE LA PARROQUIA SANTA CATALINA.<\/p>\n<p>SE SABE QUE LA MAYOR\u00cdA DE LAS COSAS SE DONARON CON EL ESFUERZO PROPIO DE CADA UNO.<\/p>\n<p>CUALQUIER NOVEDAD COMUNICARSE CON EL PADRE JUAN JOS\u00c9 GODOY O A LAS DISTINTAS COMISAR\u00cdAS.<\/p>\n","protected":false},"excerpt":{"rendered":"<p>Mediante las redes sociales notificaron que lamentablemente los delincuentes aprovecharon la cuarentena para ingresar a robar un sal\u00f3n donde se daba catequesis. Piden ayuda a la comunidad para recuperar lo robado. EL COMUNICADO:\u00a0 EN EL D\u00cdA DE LA FECHA EL PADRE JUAN JOS\u00c9 GODOY DIO LA MALA NOTICIA COMUNICANDO QUE NOS VOLVIERON A ENTRAR A [&hellip;]<\/p>\n","protected":false},"author":1,"featured_media":38515,"comment_status":"closed","ping_status":"closed","sticky":false,"template":"","format":"standard","meta":{"footnotes":""},"categories":[8],"tags":[136],"class_list":["post-38509","post","type-post","status-publish","format-standard","has-post-thumbnail","hentry","category-policiales","tag-destacados"],"_links":{"self":[{"href":"http:\/\/informateesquina.com\/index.php?rest_route=\/wp\/v2\/posts\/38509","targetHints":{"allow":["GET"]}}],"collection":[{"href":"http:\/\/informateesquina.com\/index.php?rest_route=\/wp\/v2\/posts"}],"about":[{"href":"http:\/\/informateesquina.com\/index.php?rest_route=\/wp\/v2\/types\/post"}],"author":[{"embeddable":true,"href":"http:\/\/informateesquina.com\/index.php?rest_route=\/wp\/v2\/users\/1"}],"replies":[{"embeddable":true,"href":"http:\/\/informateesquina.com\/index.php?rest_route=%2Fwp%2Fv2%2Fcomments&post=38509"}],"version-history":[{"count":0,"href":"http:\/\/informateesquina.com\/index.php?rest_route=\/wp\/v2\/posts\/38509\/revisions"}],"wp:featuredmedia":[{"embeddable":true,"href":"http:\/\/informateesquina.com\/index.php?rest_route=\/"}],"wp:attachment":[{"href":"http:\/\/informateesquina.com\/index.php?rest_route=%2Fwp%2Fv2%2Fmedia&parent=38509"}],"wp:term":[{"taxonomy":"category","embeddable":true,"href":"http:\/\/informateesquina.com\/index.php?rest_route=%2Fwp%2Fv2%2Fcategories&post=38509"},{"taxonomy":"post_tag","embeddable":true,"href":"http:\/\/informateesquina.com\/index.php?rest_route=%2Fwp%2Fv2%2Ftags&post=38509"}],"curies":[{"name":"wp","href":"https:\/\/api.w.org\/{rel}","templated":true}]}}