{"id":38518,"date":"2020-04-22T16:06:57","date_gmt":"2020-04-22T19:06:57","guid":{"rendered":"https:\/\/informateesquina.com\/?p=38518"},"modified":"2020-04-22T16:06:57","modified_gmt":"2020-04-22T19:06:57","slug":"el-humor-de-luto-murio-marcos-mundstock-de-les-luthiers","status":"publish","type":"post","link":"http:\/\/informateesquina.com\/?p=38518","title":{"rendered":"El humor de luto: Muri\u00f3 Marcos Mundstock, de Les Luthiers"},"content":{"rendered":"<section id=\"bomb-1\" class=\"col-xs-12\">\n<div class=\"pb-container\">\n<div id=\"flkKJf2DPyKOTr\" class=\"wrapper clearfix col-lg-12 pb-feature pb-layout-item pb-f-article-header col-md-12 col-sm-12 col-xs-12 no-align\">\n<div class=\"row\">\n<header class=\"article-header hed-first col-sm-12\">\n<h5>Ten\u00eda 77 a\u00f1os. Y desde febrero de 2019 enfrentaba un c\u00e1ncer. Aqu\u00ed, el repaso de una carrera como pocas: su infancia en Santa Fe, el vaso en la frente que le rompi\u00f3 Nacha Guevara, el origen de \u201cJohann Sebastian Mastropiero\u201d y sus l\u00edmites en el humor.<\/h5>\n<\/header>\n<\/div>\n<\/div>\n<\/div>\n<\/section>\n<section id=\"upper-west\" class=\"col-lg-8 col-md-8 col-sm-12 col-xs-12 with-right-border\">\n<div id=\"f7Sziv1DPyKOTr\" class=\"wrapper clearfix full pb-feature pb-layout-item pb-f-article-body\">\n<div id=\"article-body\" class=\"article-body article-body-elements\">\n<div id=\"article-content\">\n<div class=\"row pb-content-type-image\">\n<figure class=\"element element-image col-xs-12\">\n<div class=\"single-image\">\n<div class=\"shares\">\n<div class=\"share-button facebook\" data-url=\"https:\/\/www.infobae.com\/teleshow\/infoshow\/2020\/04\/22\/murio-marcos-mundstock-de-les-luthiers-el-humorista-de-la-voz-grave-y-la-risa-genuina\/%23DSM6S7JDN5ACZEL23NBRFF5BVE\" data-original=\"https:\/\/arc-anglerfish-arc2-prod-infobae.s3.amazonaws.com\/public\/DSM6S7JDN5ACZEL23NBRFF5BVE.jpg\"><\/div>\n<\/div>\n<p><img decoding=\"async\" id=\"DSM6S7JDN5ACZEL23NBRFF5BVE\" class=\"image-lazy\" src=\"https:\/\/www.infobae.com\/new-resizer\/ImE1tCobV7Aj66QNOnbLTJ6WT2M=\/750x0\/filters:quality(100)\/arc-anglerfish-arc2-prod-infobae.s3.amazonaws.com\/public\/DSM6S7JDN5ACZEL23NBRFF5BVE.jpg\" alt=\"\" width=\"750\" height=\"421.875\" data-url=\"https:\/\/www.infobae.com\/teleshow\/infoshow\/2020\/04\/22\/murio-marcos-mundstock-de-les-luthiers-el-humorista-de-la-voz-grave-y-la-risa-genuina\/%23DSM6S7JDN5ACZEL23NBRFF5BVE\" data-original=\"https:\/\/www.infobae.com\/new-resizer\/ImE1tCobV7Aj66QNOnbLTJ6WT2M=\/750x0\/filters:quality(100)\/arc-anglerfish-arc2-prod-infobae.s3.amazonaws.com\/public\/DSM6S7JDN5ACZEL23NBRFF5BVE.jpg\" \/><\/div><figcaption class=\"\"><\/figcaption><\/figure>\n<\/div>\n<div class=\"row pb-content-type-text\">\n<div class=\"col-xs-12 col-print-12\">\n<p class=\"element element-paragraph\">Hoy, se apag\u00f3 la risa. Porque el humorista\u00a0<b>Marcos Mundstock<\/b>, uno de los m\u00e1s brillantes de su generaci\u00f3n, muri\u00f3 en la ma\u00f1ana de este mi\u00e9rcoles, a los 77 a\u00f1os, en su casa de Buenos Aires. \u201cDespu\u00e9s de m\u00e1s de un a\u00f1o de lidiar con un problema de salud que se torn\u00f3 irreversible, nuestro compa\u00f1ero y amigo finalmente parti\u00f3\u201d, dice el\u00a0comunicado oficial difundido por\u00a0<b>Les Luthiers<\/b>.<\/p>\n<\/div>\n<\/div>\n<div class=\"row pb-content-type-text\">\n<div class=\"col-xs-12 col-print-12\">\n<p class=\"element element-paragraph\">En enero pasado se hab\u00eda anunciado que\u00a0el artista se mantendr\u00eda alejado de los escenarios a lo largo de todo el a\u00f1o. &#8220;Su prioridad para los pr\u00f3ximos meses ser\u00e1 guardar reposo, seguir adelante con su tratamiento y realizar, posteriormente, el debido proceso de rehabilitaci\u00f3n\u201d, se inform\u00f3 por entonces.<\/p>\n<\/div>\n<\/div>\n<div class=\"row pb-content-type-text\">\n<div class=\"col-xs-12 col-print-12\">\n<p class=\"element element-paragraph\">Si bien su voz de bajo fue marca registrada del grupo con el cual dej\u00f3 una huella imborrable, Mundstock actu\u00f3 en cine y en televisi\u00f3n, pero en ning\u00fan otro lugar fue m\u00e1s feliz que en el escenario con sus compinches de toda la vida.<\/p>\n<\/div>\n<\/div>\n<div class=\"row pb-content-type-text\">\n<div class=\"col-xs-12 col-print-12\">\n<p class=\"element element-paragraph\">La historia de los Mundstock es una de las tantas historias de esos inmigrantes que terminaron de configurar la Argentina durante el per\u00edodo de entreguerras. Su padre, de origen jud\u00edo asquenazi y de oficio de relojero, lleg\u00f3 en 1930 al puerto de Rosario procedente de Rava Ruska, una ciudad ucraniana en aquel entonces bajo \u00f3rbita polaca. Unos a\u00f1os antes hab\u00eda venido su mam\u00e1, quien se instal\u00f3 en Santa Fe. Un conocido los puso en contacto y se casaron en Rosario, donde naci\u00f3 su hermana. A\u00f1os despu\u00e9s\u00a0<b>volvieron a Santa Fe, y all\u00ed naci\u00f3 Marcos, un 25 de mayo del a\u00f1o 1942<\/b>.<\/p>\n<\/div>\n<\/div>\n<div class=\"row pb-content-type-text\">\n<div id=\"\" class=\"wrapper clearfix pb-feature pb-layout-item pb-f-ads-dfp\"><\/div>\n<div class=\"col-xs-12 col-print-12\">\n<p class=\"element element-paragraph\">Fue a orillas del Paran\u00e1 donde el peque\u00f1o Marcos hizo\u00a0<b>su primer chiste<\/b>. Por la calle pasaba un cami\u00f3n que trasladaba cueros, y le coment\u00f3 a su hermana:\u00a0<b>\u201cAh\u00ed llevan a los cueros para fabricar vacas\u201d<\/b>. La frase encerraba\u00a0<b>la picard\u00eda que lo acompa\u00f1ar\u00eda toda su vida<\/b>.<\/p>\n<\/div>\n<\/div>\n<div class=\"row pb-content-type-text\">\n<div class=\"col-xs-12 col-print-12\"><\/div>\n<\/div>\n<div class=\"row pb-content-type-text\">\n<div class=\"col-xs-12 col-print-12\">\n<p class=\"element element-paragraph\">La b\u00fasqueda de un horizonte mejor llev\u00f3 en 1949 a los Mundstock a Buenos Aires, donde un familiar les hizo lugar en su departamento en el barrio de Once. Como primera generaci\u00f3n de argentinos nativos, en Marcos conviv\u00edan el idish que se escuchaba en su casa con el castellano que aprend\u00eda en la escuela y el italiano que lo cautivaba con las canzonettas y arias de \u00f3pera que emit\u00eda la radio. En esa triple frontera cultural Mundstock empez\u00f3 a acercarse a la m\u00fasica. Su primer registro de m\u00fasica en vivo fue en una sinagoga, donde escuchaba a los cantantes lit\u00fargicos, a quienes les reconoc\u00eda \u201cuna voz muy oper\u00edstica\u201d.<\/p>\n<\/div>\n<\/div>\n<div class=\"row pb-content-type-text\">\n<div class=\"col-xs-12 col-print-12\">\n<p class=\"element element-paragraph\">Mientras estudiaba en el colegio se dio cuenta de que ten\u00eda un don especial para hacer re\u00edr a sus compa\u00f1eros por fuera del libreto de los actos escolares. Y si bien eso no era bien visto por los docentes, en su interior algo se hab\u00eda despertado, esa chispa lo acompa\u00f1ar\u00eda para siempre.<\/p>\n<\/div>\n<\/div>\n<div class=\"row pb-content-type-text\">\n<div class=\"col-xs-12 col-print-12\">\n<p class=\"element element-paragraph\">Pero por ese entonces, los sue\u00f1os del peque\u00f1o Marcos no eran muy diferentes a los de otros chicos.\u00a0<b>\u201cQuise ser abogado, ingeniero, aviador, cowboy, benefactor de la humanidad, tenor de \u00f3pera, Tarz\u00e1n, amante latino, futbolista y otras cosas m\u00e1s\u201d, enumeraba<\/b>. Cuando termin\u00f3 el secundario entr\u00f3 en Ingenier\u00eda -m\u00e1s por mandato que por vocaci\u00f3n-, mientras que, con mucho m\u00e1s placer, estudiaba locuci\u00f3n en el\u00a0<b>Instituto Superior de Ense\u00f1anza Radiof\u00f3nica<\/b>(<b>ISER<\/b>). Esos caminos en apariencia paralelos, pronto se cruzar\u00edan.<\/p>\n<\/div>\n<\/div>\n<div class=\"row pb-content-type-text\">\n<div class=\"col-xs-12 col-print-12\">\n<p class=\"element element-paragraph\">En ese universo de f\u00f3rmulas matem\u00e1ticas Mundstock encontr\u00f3 un resquicio art\u00edstico. La oportunidad se la brind\u00f3 el coro. All\u00ed se encontraron\u00a0<b>Gerardo Masana<\/b>, estudiante de Arquitectura;\u00a0<b>Jorge Maronna<\/b>, de Medicina;\u00a0<b>Daniel Rabinovich<\/b>\u00a0de Derecho y\u00a0<b>Carlos N\u00fa\u00f1ez Cort\u00e9s<\/b>, de Qu\u00edmica Biol\u00f3gica.\u00a0<b>De ese grupo que parec\u00eda tan distinto nacer\u00eda un grupo que cambiar\u00eda la historia de la m\u00fasica y el humor en la Argentina: Les Luthiers<\/b>.<\/p>\n<\/div>\n<\/div>\n<div class=\"row pb-content-type-image\">\n<figure class=\"element element-image col-xs-12\">\n<div class=\"single-image\">\n<div class=\"shares\">\n<div class=\"share-button facebook\" data-url=\"https:\/\/www.infobae.com\/teleshow\/infoshow\/2020\/04\/22\/murio-marcos-mundstock-de-les-luthiers-el-humorista-de-la-voz-grave-y-la-risa-genuina\/%23OUAMDXLTT5ACDOFLE6A6QNLN6U\" data-original=\"https:\/\/arc-anglerfish-arc2-prod-infobae.s3.amazonaws.com\/public\/OUAMDXLTT5ACDOFLE6A6QNLN6U.jpg\"><\/div>\n<\/div>\n<p><img decoding=\"async\" id=\"OUAMDXLTT5ACDOFLE6A6QNLN6U\" class=\"image-lazy\" src=\"https:\/\/www.infobae.com\/new-resizer\/_H0dEq45ze7ds3S38pgc87QyTGQ=\/750x0\/filters:quality(100)\/arc-anglerfish-arc2-prod-infobae.s3.amazonaws.com\/public\/OUAMDXLTT5ACDOFLE6A6QNLN6U.jpg\" alt=\"El equipo de Les Luthiers del 71 al 73 que marcara \u00e9poca: Gerardo Masana, Maronna, Carlos N\u00fa\u00f1ez Cort\u00e9s, Mundstock, Ernesto Acher, Daniel Rabinovich y L\u00f3pez Puccio (Foto: Archivo Atl\u00e1ntida)\" width=\"750\" height=\"509.375\" data-url=\"https:\/\/www.infobae.com\/teleshow\/infoshow\/2020\/04\/22\/murio-marcos-mundstock-de-les-luthiers-el-humorista-de-la-voz-grave-y-la-risa-genuina\/%23OUAMDXLTT5ACDOFLE6A6QNLN6U\" data-original=\"https:\/\/www.infobae.com\/new-resizer\/_H0dEq45ze7ds3S38pgc87QyTGQ=\/750x0\/filters:quality(100)\/arc-anglerfish-arc2-prod-infobae.s3.amazonaws.com\/public\/OUAMDXLTT5ACDOFLE6A6QNLN6U.jpg\" \/><\/div><figcaption class=\"\"><span class=\"credit\">El equipo de Les Luthiers del 71 al 73 que marcara \u00e9poca: Gerardo Masana, Maronna, Carlos N\u00fa\u00f1ez Cort\u00e9s, Mundstock, Ernesto Acher, Daniel Rabinovich y L\u00f3pez Puccio (Foto: Archivo Atl\u00e1ntida)<\/span><\/figcaption><\/figure>\n<\/div>\n<div class=\"row pb-content-type-text\">\n<div class=\"col-xs-12 col-print-12\">\n<p class=\"element element-paragraph\">Cuando el coro empez\u00f3 a tener vida propia, Mundstock se aferr\u00f3 a \u00e9l como un ancla.\u00a0<b>Abandon\u00f3 la carrera de Ingenier\u00eda<\/b>\u00a0y\u00a0<b>el golpe militar encabezado por Juan Carlos Ongan\u00eda lo dej\u00f3 sin su trabajo de locutor en Radio Municipal<\/b>. Pero Marcos no se bajone\u00f3: hab\u00eda encontrado en la m\u00fasica coral una actividad que lo fascinaba, aunque lejos estaba de imaginar que fuera posible un futuro profesional ligado al ambiente art\u00edstico.<\/p>\n<\/div>\n<\/div>\n<div class=\"row pb-content-type-text\">\n<div class=\"col-xs-12 col-print-12\">\n<p class=\"element element-paragraph\">Luego de un festival de coros universitarios realizado en Tucum\u00e1n se forma\u00a0<b>I Musicisti<\/b>,\u00a0<b>antecedente directo de Les Luthiers<\/b>. Bajo la direcci\u00f3n de Masana, el grupo realiza una serie de conciertos en el Instituto Di Tella. Fue all\u00ed cuando empieza a cobrar vida un personaje clave para la historia de Mundstock y de Les Luthiers:\u00a0<i><b>Johann Sebastian Mastropiero<\/b><\/i>. La criatura surgi\u00f3 de la invenci\u00f3n de Mundstock y de la\u00a0<b>mezcla entre los nombres del compositor Johann Sebastian Bach con un personaje inventado, llamado\u00a0<\/b><i><b>Fredy Mastropiero<\/b><\/i>.<\/p>\n<\/div>\n<\/div>\n<div class=\"row pb-content-type-text\">\n<div class=\"col-xs-12 col-print-12\">\n<p class=\"element element-paragraph\">El 4 de septiembre de 1967, Masana, Mundstock, Rabinovich y Maronna forman Les Luthiers. Los esperaba una Buenos Aires que herv\u00eda culturalmente. Pronto se hicieron un lugar, y Marcos tendr\u00eda la tarea de aportar la mayor\u00eda de los textos y realizar las presentaciones. Su voz de bajo se convirti\u00f3 en marca registrada; a eso le sum\u00f3\u00a0<b>su particular histrionismo entre lo formal y lo absurdo<\/b>, lo que hac\u00eda que la gente lo amara.<\/p>\n<\/div>\n<\/div>\n<div class=\"row pb-content-type-blockquote\">\n<div class=\"col-xs-12\">\n<blockquote class=\"element element-blockquote\"><p>\u00a0Su primer chiste lo hizo de ni\u00f1o. Vio un cami\u00f3n y le dijo a su hermana: \u2018Ah\u00ed llevan a los cueros para fabricar vacas\u2019. Esa picard\u00eda lo acompa\u00f1ar\u00eda toda su vida<\/p><\/blockquote>\n<\/div>\n<\/div>\n<div class=\"row pb-content-type-text\">\n<div class=\"col-xs-12 col-print-12\">\n<p class=\"element element-paragraph\"><b>Les Luthiers dej\u00f3 de ser un secreto bien guardado en 1970<\/b>, cuando program\u00f3 una serie de presentaciones en un boliche ubicado en Congreso. Fue tal la repercusi\u00f3n del grupo que el local los contrat\u00f3 para hacer temporada en Mar del Plata. All\u00ed tambi\u00e9n actuaba\u00a0<b>Nacha Guevara<\/b>, quien seg\u00fan la leyenda no soportaba el \u00e9xito de los m\u00fasicos. Cada funci\u00f3n era un esc\u00e1ndalo, hasta que\u00a0<b>un vaso de vidrio impact\u00f3 en la frente de Mundstock. El saldo fueron seis puntos de sutura para el luthier, y dos meses de prisi\u00f3n en suspenso para la diva<\/b>.<\/p>\n<\/div>\n<\/div>\n<div class=\"row pb-content-type-text\">\n<div class=\"col-xs-12 col-print-12\">\n<p class=\"element element-paragraph\">Los espect\u00e1culos se fueron sucediendo y el \u00e9xito pronto convirti\u00f3 a Les Luthiers en un cl\u00e1sico del humor de habla hispana. En 1974 desembarcaron en Espa\u00f1a, primer paso de un amor rec\u00edproco que desemboc\u00f3 en el premio\u00a0<b>Princesa de Asturias<\/b>\u00a0en la categor\u00eda\u00a0<b>Comunicaci\u00f3n y Humanidades<\/b>, en 2017. Al recibir la noticia del premio Mundstock dijo con su \u201cseriedad\u201d caracter\u00edstica: &#8220;El c\u00e9lebre compositor\u00a0<i>Johann Sebastian Mastropiero\u00a0<\/i>est\u00e1 indignado, desde el rinc\u00f3n desde el que se esconde, por el otorgamiento del premio Princesa de Asturias a\u00a0<b>esos m\u00fasicos que solo se ocupan en denigrarlo<\/b>\u201d.<\/p>\n<\/div>\n<\/div>\n<div class=\"row pb-content-type-text\">\n<div class=\"col-xs-12 col-print-12\">\n<p class=\"element element-paragraph\">En la ceremonia de premiaci\u00f3n, Marcos tom\u00f3 la voz y, entre agradecimientos y reconocimientos, lanz\u00f3 una frase que defini\u00f3 al grupo y a su rol como guionista: \u201cEl ejercicio del humorismo, profesional o dom\u00e9stico, m\u00e1s refinado o m\u00e1s burdo, oral, escrito, m\u00edmico, dibujado&#8230; mejora la vida, permite contemplar las cosas de una manera distinta, l\u00fadica, pero sobre todo l\u00facida, a la cual no llegan otros mecanismos de la raz\u00f3n\u201d.<\/p>\n<\/div>\n<\/div>\n<div class=\"row pb-content-type-image\">\n<figure class=\"element element-image col-xs-12\">\n<div class=\"single-image\">\n<div class=\"shares\">\n<div class=\"share-button facebook\" data-url=\"https:\/\/www.infobae.com\/teleshow\/infoshow\/2020\/04\/22\/murio-marcos-mundstock-de-les-luthiers-el-humorista-de-la-voz-grave-y-la-risa-genuina\/%23UALOAAK5XVHGVEKHHNBPY53SRM\" data-original=\"https:\/\/arc-anglerfish-arc2-prod-infobae.s3.amazonaws.com\/public\/UALOAAK5XVHGVEKHHNBPY53SRM.jpg\"><\/div>\n<\/div>\n<p><img decoding=\"async\" id=\"UALOAAK5XVHGVEKHHNBPY53SRM\" class=\"image-lazy\" src=\"https:\/\/www.infobae.com\/new-resizer\/X84tJ8kILSZlMgtRdy_vjnQo_ak=\/750x0\/filters:quality(100)\/arc-anglerfish-arc2-prod-infobae.s3.amazonaws.com\/public\/UALOAAK5XVHGVEKHHNBPY53SRM.jpg\" alt=\"Marcos Mundstock, Martin O'Connor, Jorge Maronna, Carlos Nunez Cortes, Carlos Lopez Puccio y Horacio Turano celebrando los 50 a\u00f1os de Les Luthiers (Foto: AFP \/ PIERRE-PHILIPPE MARCOU)\" width=\"750\" height=\"421.875\" data-url=\"https:\/\/www.infobae.com\/teleshow\/infoshow\/2020\/04\/22\/murio-marcos-mundstock-de-les-luthiers-el-humorista-de-la-voz-grave-y-la-risa-genuina\/%23UALOAAK5XVHGVEKHHNBPY53SRM\" data-original=\"https:\/\/www.infobae.com\/new-resizer\/X84tJ8kILSZlMgtRdy_vjnQo_ak=\/750x0\/filters:quality(100)\/arc-anglerfish-arc2-prod-infobae.s3.amazonaws.com\/public\/UALOAAK5XVHGVEKHHNBPY53SRM.jpg\" \/><\/div><figcaption class=\"\"><span class=\"credit\">Marcos Mundstock, Martin O&#8217;Connor, Jorge Maronna, Carlos Nunez Cortes, Carlos Lopez Puccio y Horacio Turano celebrando los 50 a\u00f1os de Les Luthiers (Foto: AFP \/ PIERRE-PHILIPPE MARCOU)<\/span><\/figcaption><\/figure>\n<\/div>\n<div class=\"row pb-content-type-text\">\n<div class=\"col-xs-12 col-print-12\">\n<p class=\"element element-paragraph\">El \u00e9xito del grupo fronteras afuera -con shows a lo largo de la Am\u00e9rica hispana y algunas aventuras en Brasil y Estados Unidos-, supuso\u00a0<b>un nuevo ejercicio para Mundstock a la hora de neutralizar algunos modismos propios del R\u00edo de la Plata<\/b>. Le gustaba\u00a0<b>crear los textos en la soledad de su estudio casero<\/b>, y con los a\u00f1os fue desarrollando una metodolog\u00eda laboral que le permit\u00eda ser prol\u00edfico sin perder la gracia ni caer en las repeticiones. \u201cHacer textos para ser escuchados tiene su clave: deben llevar el remate en la \u00faltima palabra del p\u00e1rrafo\u201d, explicaba. \u201cCreo que el chiste suele ser una obra abierta, siempre modificable, y corrijo en forma permanente y sobre la marcha. Mis notas son un crucigrama\u201d, agregaba a modo de receta. Claro que lo m\u00e1s importante estaba en su cabeza, y eso no se consigue en la farmacia.<\/p>\n<\/div>\n<\/div>\n<div class=\"row pb-content-type-text\">\n<div class=\"col-xs-12 col-print-12\">\n<p class=\"element element-paragraph\">Los 80 fueron los a\u00f1os del despegue masivo para Les Luthiers: su popularidad ya no tuvo frenos. Y en el siglo XXI se traslad\u00f3 a las redes con millones de visualizaciones y\u00a0<i>likes<\/i>. Sobre\u00a0<b>sus inicios, Marcos no evitaba una autocr\u00edtica<\/b>. \u201cVeo videos de los espect\u00e1culos viejos y los textos no me parecen muy diferentes a los que podemos escribir ahora, pero en lo que es el oficio teatral\u00a0<b>hemos cambiado mucho. \u00c9ramos lent\u00edsimos<\/b>, nos deten\u00edamos en momentos en los que no pasaba nada&#8230;&#8221;, lamentaba, para rematar con humor: \u201cLa gente nos quer\u00eda igual, yo no s\u00e9 por qu\u00e9&#8221;.<\/p>\n<\/div>\n<\/div>\n<div class=\"row pb-content-type-text\">\n<div class=\"col-xs-12 col-print-12\">\n<p class=\"element element-paragraph\">En paralelo a su actividad en el grupo,\u00a0<b>Mundstock se meti\u00f3 en el cine<\/b>. Fue la voz en off de\u00a0<i><b>Quebracho<\/b><\/i>\u00a0y\u00a0<i><b>Metegol<\/b><\/i>, y puso el cuerpo tanto en dramas como\u00a0<i><b>Cama adentro<\/b><\/i>\u00a0y\u00a0<i><b>Roma<\/b><\/i>, y comedias como\u00a0<i><b>No sos vos, soy yo<\/b><\/i>\u00a0y\u00a0<i><b>Mi primera boda<\/b><\/i>, donde en la piel de un cura se luci\u00f3 en un di\u00e1logo lleno de gui\u00f1os lutherianos con el rabino interpretado por su amigo Daniel Rabinovich. En televisi\u00f3n, trabaj\u00f3 en\u00a0<i><b>La Argentina de Tato<\/b><\/i>\u00a0y\u00a0<i><b>Sorpresa y Media<\/b><\/i>, y lo \u00faltimo que hizo fue la presentaci\u00f3n de\u00a0<i><b>Pasado de copas<\/b><\/i>.<\/p>\n<\/div>\n<\/div>\n<div class=\"row pb-content-type-text\">\n<div class=\"col-xs-12 col-print-12\">\n<p class=\"element element-paragraph\">Parad\u00f3jicamente, siendo la voz y una de las caras representativas de Les Luthiers,\u00a0<b>su asignatura pendiente fue la m\u00fasica<\/b>. De chico, en su casa no hab\u00eda lujos y ni se le ocurr\u00eda sugerir la posibilidad de aprender alg\u00fan instrumento. Cuando gan\u00f3 sus primeros sueldos y pudo comprarse un piano, no tuvo constancia ni paciencia. \u201cQuer\u00eda aprender todo muy r\u00e1pidamente y en la m\u00fasica, los tiempos de aprendizaje son muy dif\u00edciles de modificar\u201d, contaba con algo de frustraci\u00f3n.<\/p>\n<\/div>\n<\/div>\n<div class=\"row pb-content-type-image\">\n<figure class=\"element element-image col-xs-12\">\n<div class=\"single-image\">\n<div class=\"shares\">\n<div class=\"share-button facebook\" data-url=\"https:\/\/www.infobae.com\/teleshow\/infoshow\/2020\/04\/22\/murio-marcos-mundstock-de-les-luthiers-el-humorista-de-la-voz-grave-y-la-risa-genuina\/%23RGQZ7ZBYGRGGRLEO2VZL6DRW7Q\" data-original=\"https:\/\/arc-anglerfish-arc2-prod-infobae.s3.amazonaws.com\/public\/RGQZ7ZBYGRGGRLEO2VZL6DRW7Q.jpg\"><\/div>\n<\/div>\n<p><img decoding=\"async\" id=\"RGQZ7ZBYGRGGRLEO2VZL6DRW7Q\" class=\"image-lazy\" src=\"https:\/\/www.infobae.com\/new-resizer\/EAGc66os2L28FWAHbGXmnvYDr4c=\/750x0\/filters:quality(100)\/arc-anglerfish-arc2-prod-infobae.s3.amazonaws.com\/public\/RGQZ7ZBYGRGGRLEO2VZL6DRW7Q.jpg\" alt=\"Marcos Mundstock en mayo de 2018, con la placa con la cual la Ciudad de Buenos Aires le rindi\u00f3 homenaje (EFE\/ Pablo Ram\u00f3n) \" width=\"750\" height=\"421.875\" data-url=\"https:\/\/www.infobae.com\/teleshow\/infoshow\/2020\/04\/22\/murio-marcos-mundstock-de-les-luthiers-el-humorista-de-la-voz-grave-y-la-risa-genuina\/%23RGQZ7ZBYGRGGRLEO2VZL6DRW7Q\" data-original=\"https:\/\/www.infobae.com\/new-resizer\/EAGc66os2L28FWAHbGXmnvYDr4c=\/750x0\/filters:quality(100)\/arc-anglerfish-arc2-prod-infobae.s3.amazonaws.com\/public\/RGQZ7ZBYGRGGRLEO2VZL6DRW7Q.jpg\" \/><\/div><figcaption class=\"\"><span class=\"credit\">Marcos Mundstock en mayo de 2018, con la placa con la cual la Ciudad de Buenos Aires le rindi\u00f3 homenaje (EFE\/ Pablo Ram\u00f3n)<\/span><\/figcaption><\/figure>\n<\/div>\n<div class=\"row pb-content-type-text\">\n<div class=\"col-xs-12 col-print-12\">\n<p class=\"element element-paragraph\">En su vida personal,\u00a0<b>comparti\u00f3 la vida con la cardi\u00f3loga Laura Glezer<\/b>. Sol\u00eda contar que se enamor\u00f3 de ella \u201cporque conoce mi coraz\u00f3n\u201d. Juntos tuvieron a\u00a0<b>Luc\u00eda, su \u00fanica hija<\/b>, licenciada en Administraci\u00f3n de Empresas, actriz y productora con la que compart\u00eda la pasi\u00f3n por el f\u00fatbol, un deporte que\u00a0<b>jug\u00f3 hasta que el cuerpo se lo permiti\u00f3<\/b>. De chico era de Boca, hasta que en un partido contra Chacarita se dio cuenta de que quer\u00eda que ganaran los\u00a0<i>Funebreros\u00a0<\/i>\u201cporque jugaban m\u00e1s lindo\u201d.<\/p>\n<\/div>\n<\/div>\n<div class=\"row pb-content-type-text\">\n<div class=\"col-xs-12 col-print-12\">\n<p class=\"element element-paragraph\">El humor siempre lo acompa\u00f1aba y con su voz seria pod\u00eda hacer las reflexiones m\u00e1s graciosas sin perder la compostura. Como esa vez que interrumpi\u00f3 una ponencia en el\u00a0<b>Congreso Internacional de la Lengua<\/b>\u00a0con esta reflexi\u00f3n: \u201cLa expresi\u00f3n \u2018me importa un bledo\u2019 no tiene igual. \u00bfAlguien sabe lo que es un bledo? Alg\u00fan d\u00eda un ej\u00e9rcito de bledos se lanzar\u00e1 sobre los hispanohablantes para vengarse de tantos siglos de ninguneo\u201d.<\/p>\n<\/div>\n<\/div>\n<div class=\"row pb-content-type-text\">\n<div class=\"col-xs-12 col-print-12\">\n<p class=\"element element-paragraph\">En el mismo tono propuso \u201cformas m\u00e1s directas\u201d y cambiar expresiones como \u201cdonde manda capit\u00e1n no manda marinero\u201d por \u201cel m\u00e1s expl\u00edcito \u201cdonde manda capit\u00e1n hay que ir\u201d, o que en vez de \u201cuna golondrina no hace verano\u201d usar \u201cexpresiones m\u00e1s vulgares\u201d como \u201cuna golondrina no hace un carajo\u201d. Eso s\u00ed,\u00a0<b>\u201ccon perd\u00f3n de Gustavo Adolfo B\u00e9cquer\u201d, dec\u00eda<\/b>.<\/p>\n<\/div>\n<\/div>\n<div class=\"row pb-content-type-text\">\n<div class=\"col-xs-12 col-print-12\">\n<p class=\"element element-paragraph\">En m\u00e1s de 50 a\u00f1os de profesi\u00f3n, forj\u00f3 una relaci\u00f3n de amistad y respeto mutuo con otros genios del humor como\u00a0<b>Quino<\/b>,\u00a0<b>Roberto Fontanarrosa\u00a0<\/b>y\u00a0<b>Alejandro Dolina<\/b>, todos exponentes de un humor gracioso e inteligente. \u201cA m\u00ed me gusta el humor por el ingenio, no necesito que sea muy intelectual. Entonces, me gusta el humor del tipo que sale y dice: \u2018Mir\u00e1 lo que digo\u2019. En cambio, no me gusta el tipo que dice: \u2018Mir\u00e1 lo que me atrevo a decir\u2019, y se pone impertinente. Ese humor no me mueve un pelo, entre otras cosas porque soy calvo, todo el mundo lo sabe\u201d, dec\u00eda, logrando que la humorada no tapara la sabidur\u00eda. Adem\u00e1s, fijaba\u00a0<b>su l\u00edmite: jam\u00e1s hacer humor \u201csobre el dolor ajeno\u201d<\/b>.<\/p>\n<\/div>\n<\/div>\n<div class=\"row pb-content-type-text\">\n<div class=\"col-xs-12 col-print-12\">\n<p class=\"element element-paragraph\">Se fue Mundstock. Sol\u00eda decir que por su inconfundible voz siempre lo convocaban para hacer de Dios o de psicoanalista. Seguramente, si Dios existe hoy le gui\u00f1ar\u00e1 un ojo y lo dejar\u00e1 pasar sin problemas. Es que con tanto humor y tanta risa, Marcos tiene el Cielo bien ganado.<\/p>\n<\/div>\n<\/div>\n<div class=\"row pb-content-type-image\">\n<figure class=\"element element-image col-xs-12\">\n<div class=\"single-image\">\n<div class=\"shares\">\n<div class=\"share-button facebook\" data-url=\"https:\/\/www.infobae.com\/teleshow\/infoshow\/2020\/04\/22\/murio-marcos-mundstock-de-les-luthiers-el-humorista-de-la-voz-grave-y-la-risa-genuina\/%23MSGZC3W73ZBHRPWMBEL6VAMF5U\" data-original=\"https:\/\/arc-anglerfish-arc2-prod-infobae.s3.amazonaws.com\/public\/MSGZC3W73ZBHRPWMBEL6VAMF5U.jpg\"><\/div>\n<\/div>\n<p><img decoding=\"async\" id=\"MSGZC3W73ZBHRPWMBEL6VAMF5U\" class=\"image-lazy\" src=\"https:\/\/www.infobae.com\/new-resizer\/tKZrQjMuqdRAawa07tbewCF-Vo8=\/750x0\/filters:quality(100)\/arc-anglerfish-arc2-prod-infobae.s3.amazonaws.com\/public\/MSGZC3W73ZBHRPWMBEL6VAMF5U.jpg\" alt=\"Marcos Mundstock\" width=\"750\" height=\"562.5\" data-url=\"https:\/\/www.infobae.com\/teleshow\/infoshow\/2020\/04\/22\/murio-marcos-mundstock-de-les-luthiers-el-humorista-de-la-voz-grave-y-la-risa-genuina\/%23MSGZC3W73ZBHRPWMBEL6VAMF5U\" data-original=\"https:\/\/www.infobae.com\/new-resizer\/tKZrQjMuqdRAawa07tbewCF-Vo8=\/750x0\/filters:quality(100)\/arc-anglerfish-arc2-prod-infobae.s3.amazonaws.com\/public\/MSGZC3W73ZBHRPWMBEL6VAMF5U.jpg\" \/><\/div><figcaption class=\"\"><span class=\"credit\">Marcos Mundstock<\/span><\/figcaption><\/figure>\n<\/div>\n<\/div>\n<\/div>\n<\/div>\n<\/section>\n","protected":false},"excerpt":{"rendered":"<p>Ten\u00eda 77 a\u00f1os. Y desde febrero de 2019 enfrentaba un c\u00e1ncer. Aqu\u00ed, el repaso de una carrera como pocas: su infancia en Santa Fe, el vaso en la frente que le rompi\u00f3 Nacha Guevara, el origen de \u201cJohann Sebastian Mastropiero\u201d y sus l\u00edmites en el humor. Hoy, se apag\u00f3 la risa. Porque el humorista\u00a0Marcos Mundstock, [&hellip;]<\/p>\n","protected":false},"author":1,"featured_media":38519,"comment_status":"closed","ping_status":"closed","sticky":false,"template":"","format":"standard","meta":{"footnotes":""},"categories":[4],"tags":[136],"class_list":["post-38518","post","type-post","status-publish","format-standard","has-post-thumbnail","hentry","category-espectaculos","tag-destacados"],"_links":{"self":[{"href":"http:\/\/informateesquina.com\/index.php?rest_route=\/wp\/v2\/posts\/38518","targetHints":{"allow":["GET"]}}],"collection":[{"href":"http:\/\/informateesquina.com\/index.php?rest_route=\/wp\/v2\/posts"}],"about":[{"href":"http:\/\/informateesquina.com\/index.php?rest_route=\/wp\/v2\/types\/post"}],"author":[{"embeddable":true,"href":"http:\/\/informateesquina.com\/index.php?rest_route=\/wp\/v2\/users\/1"}],"replies":[{"embeddable":true,"href":"http:\/\/informateesquina.com\/index.php?rest_route=%2Fwp%2Fv2%2Fcomments&post=38518"}],"version-history":[{"count":0,"href":"http:\/\/informateesquina.com\/index.php?rest_route=\/wp\/v2\/posts\/38518\/revisions"}],"wp:featuredmedia":[{"embeddable":true,"href":"http:\/\/informateesquina.com\/index.php?rest_route=\/"}],"wp:attachment":[{"href":"http:\/\/informateesquina.com\/index.php?rest_route=%2Fwp%2Fv2%2Fmedia&parent=38518"}],"wp:term":[{"taxonomy":"category","embeddable":true,"href":"http:\/\/informateesquina.com\/index.php?rest_route=%2Fwp%2Fv2%2Fcategories&post=38518"},{"taxonomy":"post_tag","embeddable":true,"href":"http:\/\/informateesquina.com\/index.php?rest_route=%2Fwp%2Fv2%2Ftags&post=38518"}],"curies":[{"name":"wp","href":"https:\/\/api.w.org\/{rel}","templated":true}]}}