{"id":38525,"date":"2020-04-22T16:44:24","date_gmt":"2020-04-22T19:44:24","guid":{"rendered":"https:\/\/informateesquina.com\/?p=38525"},"modified":"2020-04-22T16:44:24","modified_gmt":"2020-04-22T19:44:24","slug":"motin-en-corrientes-segun-las-pericias-el-preso-murio-por-un-disparo","status":"publish","type":"post","link":"http:\/\/informateesquina.com\/?p=38525","title":{"rendered":"Mot\u00edn en Corrientes: Seg\u00fan las pericias el preso muri\u00f3 por un disparo"},"content":{"rendered":"<p class=\"copete\">Las balas que dieron muerte a Jos\u00e9 Mar\u00eda Candia (22) sali\u00f3 de un arma utilizada por las fuerzas de represi\u00f3n, dijo de forma exclusiva el Ministro de Seguridad de la provincia, Juan Jos\u00e9 L\u00f3pez Desimoni. Sostuvo que el primer informe detalla que el interno muri\u00f3 producto de un disparo en el enfrentamiento con las fuerzas de seguridad y no por una reyerta entre presos.<\/p>\n<div class=\"fotos-y-videos\">\n<div class=\"tab-content\">\n<div id=\"fotos\" class=\"tab-pane fade in active\" role=\"tabpanel\"><a class=\"fotos-desarrollo unlink\" title=\"PERICIAS DETALLAN QUE EL INTERNO MURI\u00d3 PRODUCTO DE UN DISPARO DE UN ARMA UTILIZADA POR FUERZAS DE SEGURIDAD\" href=\"https:\/\/www.radiosudamericana.com\/notix\/multimedia\/imagenes\/fotos\/2020-04-22\/806747.jpg\"><img decoding=\"async\" class=\"img-responsive lazyload center-block\" src=\"https:\/\/www.radiosudamericana.com\/notix\/multimedia\/imagenes\/fotos\/2020-04-22\/806747.jpg\" alt=\"foto: PERICIAS DETALLAN QUE EL INTERNO MURI\u00d3 PRODUCTO DE UN DISPARO DE UN ARMA UTILIZADA POR FUERZAS DE SEGURIDAD\" \/><\/a><\/div>\n<\/div>\n<\/div>\n<p>&nbsp;<\/p>\n<div class=\"audios-desarrollo\">\n<div id=\"audio-1\"><\/div>\n<\/div>\n<div class=\"cuerpo\">\n<p>En di\u00e1logo exclusivo con Sudamericana el ministro de Seguridad de Corrientes, Juan Jos\u00e9 L\u00f3pez Desimoni, inform\u00f3 los resultados preliminares de la autopsia sobre el cuerpo del Jos\u00e9 Mar\u00eda Candia, quien falleci\u00f3 ayer tras el mot\u00edn en la Unidad Penal N\u00ba1.<\/p>\n<p>\u201cEn primera instancia lo que tengo que decir es ampliar lo que el informe preliminar del Servicio Penitenciario me hab\u00eda pasado, en este momento\u00a0<strong>se descarta que la muerte del interno haya sido por un enfrentamiento entre reclusos,<\/strong>\u00a0\u00a0\u00a0en el marco la recuperaci\u00f3n y de poner orden la \u00a0agresi\u00f3n que se estaba produciendo en el penal, aparentemente l<strong>os uniformados \u00a0tuvierono que intervenir originando el uso racional de la fuerza con disparos de armas de fuego<\/strong>\u201d, confirm\u00f3 el funcionario provincial.<\/p>\n<p>Asimismo aclar\u00f3 \u201ceso es lo que hay que investigar, \u00a0la autopsia estar\u00eda marcando que no habr\u00eda sido por \u00a0una pela entre internos,\u00a0 sino que en el marco del intento de la recuperaci\u00f3n por parte de la fuerza se produjeron disparos los cuales habr\u00edan provocado la muerte\u201d.<\/p>\n<p>\u201cEsto no est\u00e1 finalizado, \u00a0son los dato que tenemos y\u00a0<strong>vamos a llegar hasta donde sea necesario para esclarecer y deslindar las responsabilidades de quienes hayan ocasionado o \u00a0intervenido y ver c\u00f3mo se actu\u00f3 para determinar de d\u00f3nde sali\u00f3 y quien fue el responsable<\/strong>. \u00a0Esto es lo que haremos para determinar el esclarecimiento, \u00a0por qu\u00e9 raz\u00f3n se produjeron los disparos y la distancia. \u00a0Vamos a realizar un sumario administrativo interno para determinar c\u00f3mo, \u00a0d\u00f3nde y qui\u00e9nes \u00a0produjeron estos disparos\u201d, afirm\u00f3.<\/p>\n<p>En tanto que detall\u00f3 \u201clos datos surgen de las pericias que a\u00fan no han finalizado, se tiene este adelanto para descartar el informe inicial que la muerte se hab\u00eda producido por una pelea entre los internos\u201d. Al ser consultado sobre si a Jos\u00e9 Mar\u00eda Candia lo hab\u00eda matado un balazo el Ministro de Seguridad respondi\u00f3 \u201cexactamente\u201d<\/p>\n<p>El titular de la cartera de Seguridad indic\u00f3 \u201cla Justicia penal y la investigaci\u00f3n interna determinar\u00e1n las responsabilidad de qui\u00e9nes fueron los que estuvieron en el lugar,\u00a0 de qu\u00e9 manera se realiz\u00f3 el procediendo porque esto tiene un protocolo establecido, \u00a0el uso de la fuerza debe ser proporcional para tomar el control del penal, ahora todo esto cambia el escenario \u00a0y nos obliga a estar como principales investigadores en lo que tenga que ver con esclarecimiento y la necesidad de saber qui\u00e9nes tuvieron responsabilidad de esto\u201d.<\/p>\n<p>Sobre si los proyectiles que provocaron la muerte del recluso de 22 a\u00f1os eran perdigones, balas de goma o de plomo, Desimoni manifest\u00f3 \u201ceso est\u00e1 en investigaci\u00f3n, \u00a0<strong>lo que se sabe es que partieron de las armas que se usa para el control en los penales<\/strong>\u00a0y eso se sabr\u00e1 en las pr\u00f3ximas horas\u201d.<\/p>\n<p>\u201cNosotros estamos en plana etapa de investigaci\u00f3n, \u00a0pero esto es algo que quiero aclara muy bien para descartar el informe preliminar que en principio se puso ayer a disposici\u00f3n de\u00a0 en este ministerio, ya se inici\u00f3 el sumario administrativo y judicial que van por separada pero con la finalidad de determinar las responsabilidades\u201d, cont\u00f3.<\/p>\n<p>Otras de la consultas que respondi\u00f3 el Ministro tuvo que ver con si el arma pertenecer\u00eda a funcionarios del Servicio Penitenciario o de la Polic\u00eda de Corrientes y ente sentido dijo \u201cvamos a identificar de d\u00f3nde surgi\u00f3 y ser\u00e1 materia de investigaci\u00f3n por eso quiero ser prudente en lo que vamos conociendo\u00a0 se va \u00a0informando, \u00a0esto se agregar\u00e1 al expediente judicial y al sumario administrativo\u201d<\/p>\n<p>En cuanto a la comunicaci\u00f3n con el jefe del Servicio Penitenciario \u00a0expres\u00f3 \u201cestamos en permanente contacto, ahora recibiremos la ampliaci\u00f3n del informe que nos dio ayer porque ahora hay una situaci\u00f3n nueva muy contundente\u201d.<\/p>\n<\/div>\n","protected":false},"excerpt":{"rendered":"<p>Las balas que dieron muerte a Jos\u00e9 Mar\u00eda Candia (22) sali\u00f3 de un arma utilizada por las fuerzas de represi\u00f3n, dijo de forma exclusiva el Ministro de Seguridad de la provincia, Juan Jos\u00e9 L\u00f3pez Desimoni. Sostuvo que el primer informe detalla que el interno muri\u00f3 producto de un disparo en el enfrentamiento con las fuerzas [&hellip;]<\/p>\n","protected":false},"author":1,"featured_media":38526,"comment_status":"closed","ping_status":"closed","sticky":false,"template":"","format":"standard","meta":{"footnotes":""},"categories":[8],"tags":[136],"class_list":["post-38525","post","type-post","status-publish","format-standard","has-post-thumbnail","hentry","category-policiales","tag-destacados"],"_links":{"self":[{"href":"http:\/\/informateesquina.com\/index.php?rest_route=\/wp\/v2\/posts\/38525","targetHints":{"allow":["GET"]}}],"collection":[{"href":"http:\/\/informateesquina.com\/index.php?rest_route=\/wp\/v2\/posts"}],"about":[{"href":"http:\/\/informateesquina.com\/index.php?rest_route=\/wp\/v2\/types\/post"}],"author":[{"embeddable":true,"href":"http:\/\/informateesquina.com\/index.php?rest_route=\/wp\/v2\/users\/1"}],"replies":[{"embeddable":true,"href":"http:\/\/informateesquina.com\/index.php?rest_route=%2Fwp%2Fv2%2Fcomments&post=38525"}],"version-history":[{"count":0,"href":"http:\/\/informateesquina.com\/index.php?rest_route=\/wp\/v2\/posts\/38525\/revisions"}],"wp:featuredmedia":[{"embeddable":true,"href":"http:\/\/informateesquina.com\/index.php?rest_route=\/"}],"wp:attachment":[{"href":"http:\/\/informateesquina.com\/index.php?rest_route=%2Fwp%2Fv2%2Fmedia&parent=38525"}],"wp:term":[{"taxonomy":"category","embeddable":true,"href":"http:\/\/informateesquina.com\/index.php?rest_route=%2Fwp%2Fv2%2Fcategories&post=38525"},{"taxonomy":"post_tag","embeddable":true,"href":"http:\/\/informateesquina.com\/index.php?rest_route=%2Fwp%2Fv2%2Ftags&post=38525"}],"curies":[{"name":"wp","href":"https:\/\/api.w.org\/{rel}","templated":true}]}}