{"id":39217,"date":"2020-05-10T19:13:41","date_gmt":"2020-05-10T22:13:41","guid":{"rendered":"https:\/\/informateesquina.com\/?p=39217"},"modified":"2020-05-10T19:13:41","modified_gmt":"2020-05-10T22:13:41","slug":"presas-en-huelga-de-hambre-para-que-les-den-prision-domiciliaria-a-madres-con-hijos-y-embarazadas","status":"publish","type":"post","link":"http:\/\/informateesquina.com\/?p=39217","title":{"rendered":"Presas en huelga de hambre para que les den prisi\u00f3n domiciliaria a madres con hijos y embarazadas"},"content":{"rendered":"<section class=\"row\">\n<div class=\"col-xs-12\">\n<article id=\"note-header\" class=\"note\">\n<figure class=\"media-wrapper\">\n<h6 style=\"text-align: center;\"><strong><em>Mujeres de la Unidad Penitenciaria N\u00b0 33 de Los Hornos, en La Plata, mantienen una huelga de hambre desde el mi\u00e9rcoles para exigir una mesa de di\u00e1logo con las autoridades y jueces a fin de que se garanticen las condiciones carcelarias durante la cuarentena.<\/em><\/strong><\/h6>\n<h2 class=\"title\"><img decoding=\"async\" style=\"color: #666666; font-family: Roboto, sans-serif; font-size: 15px;\" title=\"Unas 180 presas en huelga de hambre para que les den prisi\u00f3n domiciliaria a madres con hijos y embarazadas\" src=\"https:\/\/media.minutouno.com\/adjuntos\/150\/imagenes\/037\/646\/0037646977.jpg\" alt=\"Unas 180 presas en huelga de hambre para que les den prisi\u00f3n domiciliaria a madres con hijos y embarazadas\" width=\"%width.gallery%\" longdesc=\"https:\/\/media.minutouno.com\/adjuntos\/150\/imagenes\/037\/646\/0037646977.jpg\" \/><\/h2>\n<\/figure>\n<\/article>\n<\/div>\n<\/section>\n<section class=\"row\">\n<div class=\"col-xs-8 col-sm-12 col-md-8 reduced-size region-3\">\n<div class=\"detail-body \">\n<div class=\"preview\">\n<p>Alejandra tiene 29 a\u00f1os y cursa su quinto mes de embarazo. Est\u00e1 presa en la Unidad Penitenciaria N\u00b0 33 de Los Hornos, en La Plata.Es madre primeriza y a\u00fan no pudo escuchar el latido del coraz\u00f3n de su beb\u00e9 porque -dice- la \u201cagarr\u00f3 la pandemia\u201d y no autorizan su traslado a un centro m\u00e9dico para hacerse una ecograf\u00eda. A los temores que tiene cualquier madre, en su caso se suman el miedo al contagio del virus en un contexto de hacinamiento y la incertidumbre de d\u00f3nde y c\u00f3mo va a parir.<strong style=\"color: #666666; font-family: Roboto, sans-serif; font-size: 15px;\">\u00a0\u201cTengo miedo a que el virus entre a la c\u00e1rcel porque no hay medidas de higiene y me preocupa qu\u00e9 va a pasar cuando tenga que parir<\/strong><span style=\"color: #666666; font-family: Roboto, sans-serif; font-size: 15px;\">. Tengo fecha para agosto y no s\u00e9 qu\u00e9 hospital va tomarme en estas condiciones. Adem\u00e1s, mi familia no va a poder acompa\u00f1arme y voy a tener que enfrentar esta situaci\u00f3n sola\u201d, dijo a minutouno.com.<\/span><\/p>\n<\/div>\n<\/div>\n<div class=\"banner-libre no-margin\">\n<div id=\"Brid_66580539_container\" class=\"brid-outstream\">\n<div id=\"Brid_66580539\" class=\"brid brid-default-skin brid-paused\">\n<div class=\"brid-holder\">\n<div class=\"brid-ad-info\"><\/div>\n<\/div>\n<\/div>\n<\/div>\n<\/div>\n<div class=\"clearfix\"><\/div>\n<div class=\"detail-body \">\n<article id=\"note-body\" class=\"note-body\" data-twitter-link=\"https:\/\/twitter.com\/intent\/tweet?url=https:\/\/www.minutouno.com\/c5101496&amp;v\u00eda=minutounocom&amp;related=MinutoUno&amp;text=\">\n<div class=\"row\">\n<div class=\"inside-note col-xs-12\">\n<p>Junto a otras cuatro compa\u00f1eras del pabell\u00f3n de madres de la unidad 33 -otra tambi\u00e9n embarazada y 3 mam\u00e1s con sus tres beb\u00e9s, ninguno mayor a los 6 meses- decidieron grabar esta semana un video que se difundi\u00f3 en redes en reclamo de una resoluci\u00f3n de la justicia al pedido de las prisiones domiciliarias. En las im\u00e1genes se las con los nenes en brazos, con tapabocas y en una celda con paredes retrabajadas y un techo en que resaltan las manchas de humedad. \u201c<strong>Les queremos contar una realidad que nadie les muestra\u201d,<\/strong>\u00a0dice una de ellas. \u201cNi mis compa\u00f1eras, ni los chicos, ni yo; somos violadores, tampoco matamos a nadie\u201d, dice otra y terminan preguntando:<strong>\u00a0\u201cQu\u00e9 alguien nos diga, jueces, ministros, gobernadores, \u00bfqu\u00e9 est\u00e1n esperando? \u00bfqu\u00e9 el virus entre en la c\u00e1rcel?\u201d. .<\/strong><\/p>\n<p>Con el inicio de la pandemia todas solicitaron la prisi\u00f3n domiciliaria. Frente al silencio judicial iniciaron, junto a las otras presas, una protesta el pasado mi\u00e9rcoles que incluye una huelga de hambre, para todas aquellas que no est\u00e1n amamantando.Casi 200 presas piden por los derechos de las madres con hijos y embarazadas y otras mujeres que son parte de la poblaci\u00f3n de riesgo, de las Unidades Penitenciarias N\u00b0 33 y N\u00b0 8 de Los Hornos.<\/p>\n<div id=\"7434371-Libre-901487376_wrap\" class=\"embed_cont type_imagen no-epigrafe no-copyright\" contenteditable=\"false\">\n<div id=\"7434371-Libre-901487376_content\" class=\"embed_content\"><img decoding=\"async\" id=\"7434371-Libre-901487376_embed\" src=\"https:\/\/media.minutouno.com\/adjuntos\/150\/imagenes\/037\/646\/0037646994.png?0000-00-00-00-00-00\" alt=\"\" longdesc=\"https:\/\/media.minutouno.com\/adjuntos\/150\/imagenes\/037\/646\/0037646994.png?0000-00-00-00-00-00\" \/><\/div>\n<\/div>\n<p>En total, en ambas unidades penitenciarias\u00a0<strong>son 17 las madres con hijos y 3 est\u00e1n embarazadas. Adem\u00e1s, en el pabell\u00f3n 7 de la 33 hay 5 mujeres con enfermedades de riesgo y en el pabell\u00f3n 11 hay otras 7 con patolog\u00edas.<\/strong><\/p>\n<p>Seg\u00fan relataron, hasta el momento no hay presas con covid-19 pero el mayor riesgo de contagio viene del personal que entra y sale del lugar, porque no se respeta el protocolo de sanidad, distanciamiento e higiene. Aseguraron que m\u00e1s all\u00e1 del uso tapabocas, no se tomaron medida extras por la situaci\u00f3n de\u00a0coronavirus. El personal no usa guantes y escasean los productos de higiene para la poblaci\u00f3n.<\/p>\n<p>Ana, quien est\u00e1 detenida en la unidad 8 dijo a este medio que de vez en cuando les entregan un poco de jab\u00f3n l\u00edquido y lavandina rebajada con agua.\u00a0<strong>\u201cNosotras nos encargamos de la higiene como podemos. Nuestras familias nos van haciendo llegar cosas de limpieza. Como se suspendieron las visitas nos mandan por encomiendas, que muchas veces tardan\u201d.<\/strong><\/p>\n<h3>Superpoblaci\u00f3n carcelaria y una justicia demorada<\/h3>\n<p>Como toda crisis, la crisis sanitaria que transita la Argentina por la pandemia del coronavirus dej\u00f3 al descubierto grandes falencias que tiene nuestra sociedad. Una de ellas es la situaci\u00f3n del sistema carcelario. El hacinamiento, la superpoblaci\u00f3n y las condiciones insalubres en las que viven las y los presos, desde hace d\u00e9cadas, pronto convirtieron a las\u00a0c\u00e1rceles\u00a0en posibles focos de contagios masivos.<\/p>\n<p>El Sistema Nacional de Estad\u00edsticas sobre Ejecuci\u00f3n de la Pena (SNEEP) relev\u00f3 en su \u00faltimo informe -de 2018- que de<strong>\u00a094.883 personas privadas de libertad, 4.362 son mujeres y 162 est\u00e1n con sus hijos e hijas.<\/strong>\u00a0En tanto, las estad\u00edsticas de la Provincia de Buenos Aires arrojan adem\u00e1s n\u00fameros alarmantes en cuanto al hacinamiento de la poblaci\u00f3n carcelaria.\u00a0<strong>En octubre de 2019 el Servicio Penitenciario Bonaerense (SPB) inform\u00f3 una capacidad de alojamiento de 28.810 personas mientras que en total albergaba 49.452 personas.<\/strong><\/p>\n<p><strong>Rosana Locascio es abogada<\/strong>\u00a0y docente del programa UBA XXII educaci\u00f3n en contextos de encierro. A mediados de marzo, con el avance del coronavirus en nuestro pa\u00eds decidi\u00f3 comenzar a colaborar con diferentes unidades penitenciarias, supliendo las actividades de los defensores oficiales. Present\u00f3 habeas corpus individuales y colectivos para las unidades de mujeres. Sobre las presas de la unidades penitenciarias 8 y 33 de Los Hornos asegur\u00f3 que la mayor\u00eda ellas cometieron delitos contra la propiedad o narcomenudeo, delitos que no son violentos.\u00a0<strong>\u201cMuchas pueden ser consideradas para cumplir la prisi\u00f3n domiciliaria, pero a muchas se las negaron o las tienen esperando. Las madres con hijos y embarazadas deber\u00edan tener el beneficio\u201d,<\/strong>\u00a0apunt\u00f3.<\/p>\n<p>D\u00edas atr\u00e1s, la\u00a0<strong>C\u00e1mara de Casaci\u00f3n de la Provincia de Buenos Aires<\/strong>\u00a0decidi\u00f3, en base a lo aconsejado por Comisi\u00f3n Interamericana de Derechos Humanos (CIDH), otorgar par\u00e1metros generales para que los juzgados puedan otorgar prisiones domiciliarias a personas de riesgo, a embarazadas, madres con ni\u00f1os y personas que ya est\u00e1n en condiciones de obtener beneficios como salidas transitorias. El fiscal de casaci\u00f3n interpuso un recurso extraordinario que casaci\u00f3n se lo neg\u00f3, y entonces se fue en queja ante la corte de la Provincia, la corte acept\u00f3 el recurso, con lo cual el fallo de casaci\u00f3n no qued\u00f3 firme.<strong>\u00a0Pese a que fue presentado como un obst\u00e1culo para el otorgamiento de las domiciliarias, \u00e9stas pueden otorgarse analizando cada caso en particular.<\/strong><\/p>\n<div id=\"7434373-Libre-1061402345_wrap\" class=\"embed_cont type_imagen no-epigrafe no-copyright\" contenteditable=\"false\">\n<div id=\"7434373-Libre-1061402345_content\" class=\"embed_content\"><img decoding=\"async\" id=\"7434373-Libre-1061402345_embed\" src=\"https:\/\/media.minutouno.com\/adjuntos\/150\/imagenes\/037\/647\/0037647022.jpg?0000-00-00-00-00-00\" alt=\"\" longdesc=\"https:\/\/media.minutouno.com\/adjuntos\/150\/imagenes\/037\/647\/0037647022.jpg?0000-00-00-00-00-00\" \/><\/div>\n<\/div>\n<p>Para Locascio, que la Corte revise el fallo no influy\u00f3 tanto en la toma de decisiones de los jueces como el tratamiento medi\u00e1tico que se le di\u00f3 al tema de las prisiones domiciliarias.\u00a0<strong>\u201dSe hizo una campa\u00f1a sucia diciendo que se hab\u00edan liberados m\u00e1s de 20.000 personas cuando en Provincia se liberaron 2.000 y en Naci\u00f3n 800. Muchas de las cuales estaban en condiciones de salir aun sin Covid 19. El clamor social hace que los jueces no firmen los beneficios que los detenidos ya poseen por derecho\u201d.<\/strong><\/p>\n<p>Seg\u00fan la\u00a0<strong>Asociaci\u00f3n Civil La Cantora<\/strong>, que present\u00f3 un habeas corpus colectivo ante el Tribunal de Casaci\u00f3n bonaerense, existe la sobrepoblaci\u00f3n carcelaria en la provincia por lo que\u00a0<strong>&#8220;26.000 presos que deber\u00edan estar excarcelados con morigeraci\u00f3n o a la espera del juicio en su domicilio\u201d. M\u00e1s del 45% de quienes est\u00e1n privados de su libertad no cuentan con una condena firme.<\/strong><\/p>\n<p><strong>Gladys<\/strong>\u00a0tiene 54 a\u00f1os y es diab\u00e9tica e insulino dependiente. Vive tambi\u00e9n en la Unidad 33, pero en un pabell\u00f3n com\u00fan desde hace m\u00e1s de dos a\u00f1os, cuando fue condenada por tener dos gramos de coca\u00edna y la condenaron a 3 a\u00f1os. Pidi\u00f3 la prisi\u00f3n domiciliaria por su salud.\u00a0<strong>&#8220;Muchas estamos en condiciones de pedirlo. Ac\u00e1 no se est\u00e1 respetando nuestro derecho, ni el de los ni\u00f1os.<\/strong>\u00a0Es una situaci\u00f3n que ya ven\u00eda de antes, el poder judicial viene atrasado desde hace rato pero ya no podemos esperar porque corre riesgo nuestra vida\u201d.<\/p>\n<p>La protesta, cont\u00f3 Gladys, se basa en el reclamo de sus derechos, busca \u201cque alguna autoridad los atienda y vean las p\u00e9simas condiciones en que vivimos\u201d. Piden que se abra una mesa de di\u00e1logo con las autoridades penitenciarias y provinciales.<\/p>\n<div id=\"403908-Libre-410947866_wrap\" class=\"embed_cont type_imagen no-epigrafe no-copyright\" contenteditable=\"false\">\n<div id=\"403908-Libre-410947866_content\" class=\"embed_content\"><img decoding=\"async\" id=\"403908-Libre-410947866_embed\" src=\"https:\/\/media.minutouno.com\/adjuntos\/150\/imagenes\/037\/387\/0037387309.png?2020-02-11-18-10-49\" alt=\"\" longdesc=\"https:\/\/media.minutouno.com\/adjuntos\/150\/imagenes\/037\/387\/0037387309.png?2020-02-11-18-10-49\" \/><\/div>\n<\/div>\n<p>Betina,de 56 a\u00f1os, cont\u00f3 que lleva 6 d\u00edas tomando sopa. Est\u00e1 condenada a cuatro a\u00f1os por venta de estupefacientes y como es hipertensa card\u00edaca pidi\u00f3 el beneficio de la domiciliaria.<strong>\u201cYa cumpl\u00ed tres a\u00f1os y tres meses. Las condiciones en las que vivimos y viven los ni\u00f1os con las madres no es buena. Ac\u00e1 somos muchas, hay mucha humedad, la alimentaci\u00f3n y la higiene no son buenas. No tuvimos ninguna medida extra por el Codivd-19\u201d<\/strong>, relat\u00f3.<\/p>\n<p>Locascio revel\u00f3 que el pasado viernes\u00a0<strong>los guardiac\u00e1rceles amenazaron a las presas con sacarles los tel\u00e9fonos, con los que se comunican con el mundo exterior, y con apartarlas de sus hijos para que suspendan la protesta.<\/strong><\/p>\n<p>\u201cNosotras pedimos lo que nos corresponde\u201d, reclama Gladys, quien fue elegida como vocera de sus compa\u00f1eras,\u00a0<strong>\u201cac\u00e1 hay madres que cumplieron tres cuartos de su condena y no les dan el arresto domiciliario.No est\u00e1n respetando las leyes ni nuestros derechos, estamos presas pero seguimos siendo ciudadanas de este pa\u00eds\u201d.<\/strong><\/p>\n<p>En tanto no reciban una respuesta judicial, o de las autoridades penitenciarias o del gobierno provincial convoc\u00e1ndolas a una mesa de di\u00e1logo<strong>, las presas aseguran que continuar\u00e1n protestando y con la huelga de hambre.<\/strong><\/p>\n<\/div>\n<\/div>\n<\/article>\n<\/div>\n<\/div>\n<\/section>\n","protected":false},"excerpt":{"rendered":"<p>Mujeres de la Unidad Penitenciaria N\u00b0 33 de Los Hornos, en La Plata, mantienen una huelga de hambre desde el mi\u00e9rcoles para exigir una mesa de di\u00e1logo con las autoridades y jueces a fin de que se garanticen las condiciones carcelarias durante la cuarentena. Alejandra tiene 29 a\u00f1os y cursa su quinto mes de embarazo. [&hellip;]<\/p>\n","protected":false},"author":1,"featured_media":39218,"comment_status":"closed","ping_status":"closed","sticky":false,"template":"","format":"standard","meta":{"footnotes":""},"categories":[8],"tags":[],"class_list":["post-39217","post","type-post","status-publish","format-standard","has-post-thumbnail","hentry","category-policiales"],"_links":{"self":[{"href":"http:\/\/informateesquina.com\/index.php?rest_route=\/wp\/v2\/posts\/39217","targetHints":{"allow":["GET"]}}],"collection":[{"href":"http:\/\/informateesquina.com\/index.php?rest_route=\/wp\/v2\/posts"}],"about":[{"href":"http:\/\/informateesquina.com\/index.php?rest_route=\/wp\/v2\/types\/post"}],"author":[{"embeddable":true,"href":"http:\/\/informateesquina.com\/index.php?rest_route=\/wp\/v2\/users\/1"}],"replies":[{"embeddable":true,"href":"http:\/\/informateesquina.com\/index.php?rest_route=%2Fwp%2Fv2%2Fcomments&post=39217"}],"version-history":[{"count":0,"href":"http:\/\/informateesquina.com\/index.php?rest_route=\/wp\/v2\/posts\/39217\/revisions"}],"wp:featuredmedia":[{"embeddable":true,"href":"http:\/\/informateesquina.com\/index.php?rest_route=\/"}],"wp:attachment":[{"href":"http:\/\/informateesquina.com\/index.php?rest_route=%2Fwp%2Fv2%2Fmedia&parent=39217"}],"wp:term":[{"taxonomy":"category","embeddable":true,"href":"http:\/\/informateesquina.com\/index.php?rest_route=%2Fwp%2Fv2%2Fcategories&post=39217"},{"taxonomy":"post_tag","embeddable":true,"href":"http:\/\/informateesquina.com\/index.php?rest_route=%2Fwp%2Fv2%2Ftags&post=39217"}],"curies":[{"name":"wp","href":"https:\/\/api.w.org\/{rel}","templated":true}]}}