{"id":39470,"date":"2020-05-17T22:36:42","date_gmt":"2020-05-18T01:36:42","guid":{"rendered":"https:\/\/informateesquina.com\/?p=39470"},"modified":"2020-05-17T22:36:42","modified_gmt":"2020-05-18T01:36:42","slug":"google-explico-su-error-con-el-cargo-de-cristina-kirchner","status":"publish","type":"post","link":"http:\/\/informateesquina.com\/?p=39470","title":{"rendered":"Google explic\u00f3 su error con el cargo de Cristina Kirchner"},"content":{"rendered":"<p class=\"copete\">El cargo de\u00a0&#8220;Ladrona de la Naci\u00f3n Argentina&#8221; que la empresa le atribuy\u00f3 a la vicepresidenta en su panel de conocimiento, gener\u00f3 una tard\u00eda respuesta que subsan\u00f3 el error y trat\u00f3 de brindar una explicaci\u00f3n sobre lo sucedido.<\/p>\n<div class=\"fotos-y-videos\">\n<p>&nbsp;<\/p>\n<div class=\"tab-content\">\n<div id=\"fotos\" class=\"tab-pane fade in active\" role=\"tabpanel\"><a class=\"fotos-desarrollo unlink\" title=\"Google explic\u00f3 su error con el cargo de Cristina Kirchner\" href=\"https:\/\/www.radiosudamericana.com\/notix\/multimedia\/imagenes\/fotos\/2020-05-17\/823303.jpg\"><img decoding=\"async\" class=\"img-responsive lazyload center-block\" src=\"https:\/\/www.radiosudamericana.com\/notix\/multimedia\/imagenes\/fotos\/2020-05-17\/823303.jpg\" alt=\"foto: Google explic\u00f3 su error con el cargo de Cristina Kirchner\" \/><\/a><\/div>\n<\/div>\n<\/div>\n<p>&nbsp;<\/p>\n<div class=\"cuerpo\">\n<p>La pol\u00e9mica por atribuirle el cargo de\u00a0&#8220;Ladrona de la Naci\u00f3n Argentina&#8221;\u00a0a la vicepresidenta\u00a0Cristina Fern\u00e1ndez de Kirchner\u00a0en el panel de conocimiento de\u00a0Google, gener\u00f3 una\u00a0tard\u00eda respuesta\u00a0por parte del gigante buscador, que\u00a0subsan\u00f3\u00a0el error y trat\u00f3 de brindar una\u00a0explicaci\u00f3n\u00a0sobre lo sucedido.<\/p>\n<p>Fuentes de\u00a0Google Argentina\u00a0indicaron al diario\u00a0La Naci\u00f3n\u00a0que &#8220;hoy\u00a0a primera hora tomamos conocimiento de esta situaci\u00f3n en\u00a0el panel de conocimiento\u00a0de la expresidenta y actual vicepresidenta de la Naci\u00f3n Dra. Cristina Fern\u00e1ndez de Kirchner, que\u00a0inmediatamente fue reportada\u00a0a nuestros equipos internacionales y\u00a0se resolvi\u00f3 en el transcurso de la ma\u00f1ana&#8221;.<\/p>\n<p>&#8220;Es posible que\u00a0este ajuste no se vea reflejado de manera inmediata\u00a0para todos los usuarios porque su actualizaci\u00f3n es progresiva&#8221;, a\u00f1adi\u00f3 la principal empresa global prestadora de servicios web.<\/p>\n<p>La pol\u00e9mica atribuci\u00f3n figur\u00f3\u00a0esta ma\u00f1ana en el panel de conocimiento\u00a0de la vicepresidenta Fern\u00e1ndez de Kirchner, que suele aparecer al\u00a0inicio\u00a0de la b\u00fasqueda. Seg\u00fan ha explicado Google en el pasado, estos recuadros &#8220;est\u00e1n pensados para ofrecer\u00a0un\u00a0resumen de informaci\u00f3n\u00a0sobre un tema espec\u00edfico&#8221;, que puede ser una\u00a0persona, un lugar, una organizaci\u00f3n o &#8220;cosas&#8221;.<\/p>\n<p>&#8220;Los paneles de conocimiento\u00a0se generan autom\u00e1ticamente, y la informaci\u00f3n que aparece en ellos proviene de\u00a0varias fuentes de toda la Web&#8221;, explicaron. Adem\u00e1s, se\u00f1alaron que hay &#8220;socios de datos&#8221; que brindan &#8220;informaci\u00f3n fidedigna sobre temas concretos&#8221; y combinan esos datos con\u00a0otras &#8220;fuentes web p\u00fablicas&#8221;.<\/p>\n<\/div>\n","protected":false},"excerpt":{"rendered":"<p>El cargo de\u00a0&#8220;Ladrona de la Naci\u00f3n Argentina&#8221; que la empresa le atribuy\u00f3 a la vicepresidenta en su panel de conocimiento, gener\u00f3 una tard\u00eda respuesta que subsan\u00f3 el error y trat\u00f3 de brindar una explicaci\u00f3n sobre lo sucedido. &nbsp; &nbsp; La pol\u00e9mica por atribuirle el cargo de\u00a0&#8220;Ladrona de la Naci\u00f3n Argentina&#8221;\u00a0a la vicepresidenta\u00a0Cristina Fern\u00e1ndez de Kirchner\u00a0en [&hellip;]<\/p>\n","protected":false},"author":1,"featured_media":39471,"comment_status":"closed","ping_status":"closed","sticky":false,"template":"","format":"standard","meta":{"footnotes":""},"categories":[7],"tags":[],"class_list":["post-39470","post","type-post","status-publish","format-standard","has-post-thumbnail","hentry","category-nacionales"],"_links":{"self":[{"href":"http:\/\/informateesquina.com\/index.php?rest_route=\/wp\/v2\/posts\/39470","targetHints":{"allow":["GET"]}}],"collection":[{"href":"http:\/\/informateesquina.com\/index.php?rest_route=\/wp\/v2\/posts"}],"about":[{"href":"http:\/\/informateesquina.com\/index.php?rest_route=\/wp\/v2\/types\/post"}],"author":[{"embeddable":true,"href":"http:\/\/informateesquina.com\/index.php?rest_route=\/wp\/v2\/users\/1"}],"replies":[{"embeddable":true,"href":"http:\/\/informateesquina.com\/index.php?rest_route=%2Fwp%2Fv2%2Fcomments&post=39470"}],"version-history":[{"count":0,"href":"http:\/\/informateesquina.com\/index.php?rest_route=\/wp\/v2\/posts\/39470\/revisions"}],"wp:featuredmedia":[{"embeddable":true,"href":"http:\/\/informateesquina.com\/index.php?rest_route=\/"}],"wp:attachment":[{"href":"http:\/\/informateesquina.com\/index.php?rest_route=%2Fwp%2Fv2%2Fmedia&parent=39470"}],"wp:term":[{"taxonomy":"category","embeddable":true,"href":"http:\/\/informateesquina.com\/index.php?rest_route=%2Fwp%2Fv2%2Fcategories&post=39470"},{"taxonomy":"post_tag","embeddable":true,"href":"http:\/\/informateesquina.com\/index.php?rest_route=%2Fwp%2Fv2%2Ftags&post=39470"}],"curies":[{"name":"wp","href":"https:\/\/api.w.org\/{rel}","templated":true}]}}