{"id":39501,"date":"2020-05-18T16:01:15","date_gmt":"2020-05-18T19:01:15","guid":{"rendered":"https:\/\/informateesquina.com\/?p=39501"},"modified":"2020-05-18T16:01:15","modified_gmt":"2020-05-18T19:01:15","slug":"sorprendio-a-su-hijo-cuando-intentaba-violar-a-su-hermana-de-cuatro-anos","status":"publish","type":"post","link":"http:\/\/informateesquina.com\/?p=39501","title":{"rendered":"Sorprendi\u00f3 a su hijo cuando intentaba violar a su hermana de cuatro a\u00f1os"},"content":{"rendered":"<h6 class=\"article__title\">El agresor sexual, de 16, fue trasladado a la casa de padre biol\u00f3gico con una restricci\u00f3n de acercamiento a la v\u00edctima.<\/h6>\n<div>\n<p>Un intento de violaci\u00f3n quebr\u00f3 a una familia del Barrio Altos de San Lorenzo de\u00a0La Plata. El acusado es un chico de 16 a\u00f1os, a quien su propia madre denunci\u00f3 tras descubrirlo\u00a0<strong>atacando a su hermana<\/strong>\u00a0de cuatro.<\/p>\n<p>La agresi\u00f3n ocurri\u00f3 en las \u00faltimas horas en una casa ubicada sobre la calle 17, entre 77 y 78. El adolescente escap\u00f3 al ser descubierto, pero\u00a0<strong>una allegada a la familia lo entreg\u00f3<\/strong>\u00a0a la polic\u00eda poco despu\u00e9s.<\/p>\n<p>Tras la detenci\u00f3n, el agresor fue notificado de los cargos por &#8220;abuso sexual con acceso carnal agravado en grado de tentativa&#8221;, y luego liberadocon una\u00a0<strong>prohibici\u00f3n de acercamiento\u00a0<\/strong>a su hermana.<\/p>\n<div>\n<figure class=\"media-image undefined media-image--state-success\"><img decoding=\"async\" class=\"\" src=\"https:\/\/cdn.tn.com.ar\/sites\/default\/files\/styles\/embed_image\/public\/2020\/05\/18\/5ec2bba65f841_tnpic_abusohermana.jpg\" srcset=\"\/\/cdn.tn.com.ar\/sites\/default\/files\/styles\/embed_image\/public\/2020\/05\/18\/5ec2bba65f841_tnpic_abusohermana.jpg 1080w,\/\/cdn.tn.com.ar\/sites\/default\/files\/styles\/embed_image\/public\/2020\/05\/18\/5ec2bba65f841_tnpic_abusohermana.jpg 720w\" data-src=\"\/\/cdn.tn.com.ar\/sites\/default\/files\/styles\/embed_image\/public\/2020\/05\/18\/5ec2bba65f841_tnpic_abusohermana.jpg\" data-srcset=\"\/\/cdn.tn.com.ar\/sites\/default\/files\/styles\/embed_image\/public\/2020\/05\/18\/5ec2bba65f841_tnpic_abusohermana.jpg 1080w,\/\/cdn.tn.com.ar\/sites\/default\/files\/styles\/embed_image\/public\/2020\/05\/18\/5ec2bba65f841_tnpic_abusohermana.jpg 720w\" \/><\/figure>\n<\/div>\n<p>Como el adolescente acusado no puede volver a convivir bajo el mismo techo con la nena debido a la restricci\u00f3n ordenada por la Justicia, fue\u00a0<strong>entregado a su padre biol\u00f3gico<\/strong>\u00a0y ya se encuentra viviendo con \u00e9l en Berisso.<\/p>\n<p>La causa qued\u00f3 a cargo de la UFI del Joven N\u00ba 2 del Departamento Judicial La Plata.<\/p>\n<div>\n<div class=\"article__body__embed article__body__embed--googlemap\"><iframe loading=\"lazy\" tabindex=\"0\" src=\"https:\/\/www.google.com\/maps\/embed?pb=!1m14!1m8!1m3!1d6540.971903094709!2d-57.932775!3d-34.944427!3m2!1i1024!2i768!4f13.1!3m3!1m2!1s0x95a2e8c74f4e1bdd%3A0xb3898b9c0ea53f13!2sCalle%2017%202201%2C%20B1912ALE%20Altos%20de%20San%20Lorenzo%2C%20Buenos%20Aires!5e0!3m2!1ses-419!2sar!4v1589819980933!5m2!1ses-419!2sar\" width=\"600\" height=\"450\" frameborder=\"0\" allowfullscreen=\"allowfullscreen\" aria-hidden=\"false\" data-mce-fragment=\"1\"><\/iframe><\/div>\n<\/div>\n<div>\n<div class=\"article__body__related-tag\">\n<div class=\"article__body__related-tag__header\">\n<h2 class=\"article__body__related-tag__title\">M<\/h2>\n<\/div>\n<\/div>\n<\/div>\n<\/div>\n","protected":false},"excerpt":{"rendered":"<p>El agresor sexual, de 16, fue trasladado a la casa de padre biol\u00f3gico con una restricci\u00f3n de acercamiento a la v\u00edctima. Un intento de violaci\u00f3n quebr\u00f3 a una familia del Barrio Altos de San Lorenzo de\u00a0La Plata. El acusado es un chico de 16 a\u00f1os, a quien su propia madre denunci\u00f3 tras descubrirlo\u00a0atacando a su [&hellip;]<\/p>\n","protected":false},"author":1,"featured_media":39502,"comment_status":"closed","ping_status":"closed","sticky":false,"template":"","format":"standard","meta":{"footnotes":""},"categories":[8],"tags":[],"class_list":["post-39501","post","type-post","status-publish","format-standard","has-post-thumbnail","hentry","category-policiales"],"_links":{"self":[{"href":"http:\/\/informateesquina.com\/index.php?rest_route=\/wp\/v2\/posts\/39501","targetHints":{"allow":["GET"]}}],"collection":[{"href":"http:\/\/informateesquina.com\/index.php?rest_route=\/wp\/v2\/posts"}],"about":[{"href":"http:\/\/informateesquina.com\/index.php?rest_route=\/wp\/v2\/types\/post"}],"author":[{"embeddable":true,"href":"http:\/\/informateesquina.com\/index.php?rest_route=\/wp\/v2\/users\/1"}],"replies":[{"embeddable":true,"href":"http:\/\/informateesquina.com\/index.php?rest_route=%2Fwp%2Fv2%2Fcomments&post=39501"}],"version-history":[{"count":0,"href":"http:\/\/informateesquina.com\/index.php?rest_route=\/wp\/v2\/posts\/39501\/revisions"}],"wp:featuredmedia":[{"embeddable":true,"href":"http:\/\/informateesquina.com\/index.php?rest_route=\/"}],"wp:attachment":[{"href":"http:\/\/informateesquina.com\/index.php?rest_route=%2Fwp%2Fv2%2Fmedia&parent=39501"}],"wp:term":[{"taxonomy":"category","embeddable":true,"href":"http:\/\/informateesquina.com\/index.php?rest_route=%2Fwp%2Fv2%2Fcategories&post=39501"},{"taxonomy":"post_tag","embeddable":true,"href":"http:\/\/informateesquina.com\/index.php?rest_route=%2Fwp%2Fv2%2Ftags&post=39501"}],"curies":[{"name":"wp","href":"https:\/\/api.w.org\/{rel}","templated":true}]}}