{"id":39505,"date":"2020-05-18T16:42:55","date_gmt":"2020-05-18T19:42:55","guid":{"rendered":"https:\/\/informateesquina.com\/?p=39505"},"modified":"2020-05-18T16:42:55","modified_gmt":"2020-05-18T19:42:55","slug":"tucuman-cuatro-personas-murieron-calcinadas-en-un-accidente-automovilistico","status":"publish","type":"post","link":"http:\/\/informateesquina.com\/?p=39505","title":{"rendered":"Tucum\u00e1n: cuatro personas murieron calcinadas en un accidente automovil\u00edstico"},"content":{"rendered":"<h6 class=\"excerpt\" style=\"text-align: center;\">El tr\u00e1gico episodio ocurri\u00f3 el domingo por la noche en la entrada a la ciudad de Alberdi. Las v\u00edctimas no se percataron de que el camino estaba cortado por una obra de reparaci\u00f3n y colisionaron contra los arreglos.<\/h6>\n<div class=\"fotos-y-videos\">\n<div class=\"tab-content\">\n<div id=\"fotos\" class=\"tab-pane fade in active\" role=\"tabpanel\"><a class=\"fotos-desarrollo unlink\" title=\"Murieron calcinados en un accidente automovil\u00edstico\" href=\"https:\/\/www.radiosudamericana.com\/notix\/multimedia\/imagenes\/fotos\/2020-05-18\/561122.jpg\"><img decoding=\"async\" class=\"img-responsive lazyload center-block\" src=\"https:\/\/www.radiosudamericana.com\/notix\/multimedia\/imagenes\/fotos\/2020-05-18\/561122.jpg\" alt=\"foto: Murieron calcinados en un accidente automovil\u00edstico\" \/><\/a><\/div>\n<\/div>\n<\/div>\n<p>&nbsp;<\/p>\n<div class=\"cuerpo\">\n<p>Cuatro personas fallecieron el domingo por la noche en la entrada a la ciudad de Alberdi,\u00a0Tucum\u00e1n, donde el auto en el que se movilizaban choc\u00f3 contra un mont\u00edculo de tierra y termin\u00f3 consumido por el fuego.Las v\u00edctimas, oriundas de la ciudad de\u00a0Aguilares,\u00a0fueron reconocidas como Augusto Ruiz, quien manejaba, estaba acompa\u00f1ado de Nazareno Galv\u00e1n y Mariquena Soria. La cuarta pasajera a\u00fan no fue identificada. Todos ten\u00edan entre 25 y 28 a\u00f1os.<\/p>\n<p>&nbsp;<\/p>\n<p>El\u00a0accidente\u00a0ocurri\u00f3 alrededor de las 23 horas cuando el\u00a0Volkswagen\u00a0Gol Power\u00a0circulaba por la ruta 38, seg\u00fan informaron fuentes policiales a La Gaceta. Al llegar al puente elevado que desv\u00eda el tr\u00e1nsito hacia la ciudad de Alberdi, los tripulantes no se percataron de que el camino estaba cortado por una obra de reparaci\u00f3n y colisionaron contra los arreglos. Momentos despu\u00e9s, el veh\u00edculo se incendi\u00f3 con ellos adentro.<\/p>\n<p>Urgente: Tragedia en Alberdi- fallecieron 4 jovenes calcinados. Los j\u00f3venes son de Aguilares, 2 varones y 2 mujeres. Chocaron con un mont\u00edculo de tierra que hab\u00eda sobre la ruta 38 &#8211; traza nueva. Pol\u00e9mica en puerta<\/p>\n<p>&#8220;Se estrellaron contra un mont\u00edculo de tierra cercano al puente y el veh\u00edculo fue reducido por las llamas&#8221;,\u00a0indicaron las fuentes al medio local. El servicio de emergencia, los bomberos y la\u00a0Polic\u00eda\u00a0se hicieron presentes en el lugar del siniestro, as\u00ed como tambi\u00e9n personal de la fiscal\u00eda de turno del\u00a0Centro Judicial Concepci\u00f3n.<\/p>\n<\/div>\n<p>&nbsp;<\/p>\n","protected":false},"excerpt":{"rendered":"<p>El tr\u00e1gico episodio ocurri\u00f3 el domingo por la noche en la entrada a la ciudad de Alberdi. Las v\u00edctimas no se percataron de que el camino estaba cortado por una obra de reparaci\u00f3n y colisionaron contra los arreglos. &nbsp; Cuatro personas fallecieron el domingo por la noche en la entrada a la ciudad de Alberdi,\u00a0Tucum\u00e1n, [&hellip;]<\/p>\n","protected":false},"author":1,"featured_media":39506,"comment_status":"closed","ping_status":"closed","sticky":false,"template":"","format":"standard","meta":{"footnotes":""},"categories":[8],"tags":[],"class_list":["post-39505","post","type-post","status-publish","format-standard","has-post-thumbnail","hentry","category-policiales"],"_links":{"self":[{"href":"http:\/\/informateesquina.com\/index.php?rest_route=\/wp\/v2\/posts\/39505","targetHints":{"allow":["GET"]}}],"collection":[{"href":"http:\/\/informateesquina.com\/index.php?rest_route=\/wp\/v2\/posts"}],"about":[{"href":"http:\/\/informateesquina.com\/index.php?rest_route=\/wp\/v2\/types\/post"}],"author":[{"embeddable":true,"href":"http:\/\/informateesquina.com\/index.php?rest_route=\/wp\/v2\/users\/1"}],"replies":[{"embeddable":true,"href":"http:\/\/informateesquina.com\/index.php?rest_route=%2Fwp%2Fv2%2Fcomments&post=39505"}],"version-history":[{"count":0,"href":"http:\/\/informateesquina.com\/index.php?rest_route=\/wp\/v2\/posts\/39505\/revisions"}],"wp:featuredmedia":[{"embeddable":true,"href":"http:\/\/informateesquina.com\/index.php?rest_route=\/"}],"wp:attachment":[{"href":"http:\/\/informateesquina.com\/index.php?rest_route=%2Fwp%2Fv2%2Fmedia&parent=39505"}],"wp:term":[{"taxonomy":"category","embeddable":true,"href":"http:\/\/informateesquina.com\/index.php?rest_route=%2Fwp%2Fv2%2Fcategories&post=39505"},{"taxonomy":"post_tag","embeddable":true,"href":"http:\/\/informateesquina.com\/index.php?rest_route=%2Fwp%2Fv2%2Ftags&post=39505"}],"curies":[{"name":"wp","href":"https:\/\/api.w.org\/{rel}","templated":true}]}}