{"id":39508,"date":"2020-05-18T16:47:47","date_gmt":"2020-05-18T19:47:47","guid":{"rendered":"https:\/\/informateesquina.com\/?p=39508"},"modified":"2020-05-18T16:47:47","modified_gmt":"2020-05-18T19:47:47","slug":"gobierno-anuncia-una-nueva-suba-en-las-jubilaciones","status":"publish","type":"post","link":"http:\/\/informateesquina.com\/?p=39508","title":{"rendered":"Gobierno anuncia una nueva suba en las jubilaciones"},"content":{"rendered":"<div class=\"row\">\n<div class=\"col-12\">\n<section class=\"section-detail-header\">\n<div class=\"detail-header\">\n<div class=\"detail-header-wrapper\">\n<h6 class=\"excerpt\">Se convoc\u00f3 a un anuncio a las 17 en Casa Rosada. Por la Ley de Solidaridad Social se suspendi\u00f3 por 180 la movilidad jubilatoria. El plazo vence en junio y se anunciar\u00e1 otra suba por decreto<\/h6>\n<\/div>\n<div class=\"socials-share\"><\/div>\n<\/div>\n<\/section>\n<\/div>\n<\/div>\n<div class=\"row\">\n<div class=\"col-12 col-sm-3\"><img decoding=\"async\" title=\"El pago ser\u00e1 imputado como adelanto de fondos de las solicitudes presentadas por los Agentes del Seguro de Salud.\" src=\"https:\/\/media.ambito.com\/adjuntos\/239\/imagenes\/037\/466\/0037466450.jpg\" alt=\"El pago ser\u00e1 imputado como adelanto de fondos de las solicitudes presentadas por los Agentes del Seguro de Salud.\" longdesc=\"https:\/\/media.ambito.com\/adjuntos\/239\/imagenes\/037\/466\/0037466450.jpg\" \/><\/div>\n<\/div>\n<div class=\"row\">\n<div class=\"col-12 col-md-12 col-lg-8\">\n<section class=\"detail-body content-protected-false\">\n<div class=\"detail-gallery\">\n<div class=\"gallery-container\">\n<div id=\"content-gallery\">\n<div id=\"fotogaleria-Object_32879_24326\" class=\"gallery\">\n<div class=\"snapshot-container owl-carousel\">\n<div class=\"media-wrapper image itemGallery classid7418756 wide-aspect-ratio\">\n<div class=\"gallery-header\"><\/div>\n<div class=\"credit-media with-content with-content\">\n<p>El pago ser\u00e1 imputado como adelanto de fondos de las solicitudes presentadas por los Agentes del Seguro de Salud.<\/p>\n<\/div>\n<\/div>\n<\/div>\n<\/div>\n<\/div>\n<\/div>\n<\/div>\n<\/section>\n<section class=\"detail-body first-paragraph\">\n<section id=\"note-body\" class=\"body-content note-body content-protected-false\" data-twitter-link=\"https:\/\/twitter.com\/intent\/tweet?url=https:\/\/www.ambito.com\/c5103367&amp;v\u00eda=Ambitocom&amp;related=\u00e1mbito.com&amp;text=\"><strong>El\u00a0Gobierno\u00a0realizar\u00e1 a las 17 un anuncio relacionado con las\u00a0jubilaciones\u00a0en Casa Rosada. Se espera que se anuncie una suba por decreto de las jubilaciones y una suma fija para las m\u00ednimas.<\/strong>\u00a0El anuncio correr\u00e1 por las titulares de ANSES, Fernanda Raverta y del PAMI, Luana Volnovich.<\/p>\n<\/section>\n<\/section>\n<div class=\"banner-wrapper free-banner\">\n<div id=\"Brid_66322624_container\" class=\"brid-outstream\">\n<div id=\"Brid_66322624\" class=\"brid brid-default-skin brid-paused\">\n<div class=\"brid-holder\">\n<div class=\"brid-ad-info\"><\/div>\n<\/div>\n<\/div>\n<\/div>\n<\/div>\n<section class=\"detail-body second-paragraph\">\n<section class=\"body-content note-body content-protected-false\">En junio vence el plazo de 180 por el cual se suspend\u00eda la ley de movilidad hasta que se analizara una nueva f\u00f3rmula, con la llegada del Covid-19 ese tema no avanz\u00f3 por lo que se espera una nueva suba por decreto.\u00a0La semana pasada el presidente, Alberto Fern\u00e1ndez, en una entrevista con C5N garantiz\u00f3 que en junio habr\u00e1 una nueva suba para la clase pasiva.<\/p>\n<\/section>\n<\/section>\n<section class=\"related-note-in-body\">\n<article class=\"related-note-in-body-article row align-items-stretch no-gutters  \" data-type=\"article\">\n<div class=\"col-auto\"><\/div>\n<div class=\"col\">\n<div class=\"info-wrapper\">\n<p class=\"title\">En tanto, el Ministerio de Trabajo convoc\u00f3 para hoy a constituir la comisi\u00f3n de funcionarios y legisladores que deber\u00e1 analizar la nueva f\u00f3rmula de <a class=\"agrupador\" style=\"font-family: Roboto, sans-serif; font-size: 15px;\" href=\"https:\/\/www.ambito.com\/aumento-a5129309\" rel=\"5129309\">aumento<\/a><span style=\"color: #666666; font-family: Roboto, sans-serif; font-size: 15px;\">\u00a0de los haberes de jubilados y pensionados.<\/span><\/p>\n<\/div>\n<\/div>\n<\/article>\n<\/section>\n<section class=\"detail-body\">\n<section class=\"body-content note-body content-protected-false\">La comisi\u00f3n ser\u00e1 conducida por el titular de la cartera laboral,\u00a0<strong>Claudio Moroni,<\/strong>\u00a0y estar\u00e1 integrada por funcionarios del Ministerio de Econom\u00eda y las autoridades de las comisiones de Presupuesto y Hacienda y Previsi\u00f3n Social de las dos c\u00e1maras legislativas.<\/p>\n<p>Uno de los primeros temas que deber\u00e1 resolver esa comisi\u00f3n es si suspende por otros seis meses la ley de movilidad que vence en junio, o bien avanza con celeridad para aprobar una ley que establezca un nuevo c\u00e1lculo para actualizar jubilaciones, pensiones y asignaciones familiares.<\/p>\n<p><strong>La Ley de Solidaridad Social y Reactivaci\u00f3n Productiva suspendi\u00f3 por 180 d\u00edas la movilidad jubilatoria\u00a0<\/strong>que hab\u00eda impuesto el gobierno de Mauricio Macri y estableci\u00f3 la conformaci\u00f3n de una comisi\u00f3n para analizar un nuevo sistema.<\/p>\n<p>En ese contexto,\u00a0<strong>el Gobierno decidi\u00f3 otorgar para el primer trimestre del a\u00f1o un aumento de 1.500 pesos y una suma variable de 2,3%<\/strong>. En el caso de las jubilaciones y pensiones m\u00ednimas, la Asignaci\u00f3n Universal por Hijo (AUH) y dem\u00e1s asignaciones familiares hubo un aumento del 13%<\/p>\n<p>Por Diputados la integrar\u00e1n los presidentes de las comisiones de Presupuesto, Carlos Heller (Todos); de Previsi\u00f3n Social, Carlos Casaretto, y los vicepresidentes de esos dos cuerpos, Luciano Laspina (PRO) y Alejandro Cacace (UCR).<\/p>\n<p>Tambi\u00e9n la compondr\u00e1n el titular de la comisi\u00f3n de An\u00e1lisis y Seguimiento de las Normas Tributarias y Previsionales, Luis Pastori (UCR), y la vicepresidenta Hilda Aguirre.<\/p>\n<p>Por el Senado estar\u00e1n los presidentes de las comisiones de Presupuesto, Carlos Caserio (Frente de Todos), y de Trabajo y Previsi\u00f3n, Daniel Lovera (Frente de Todos); y los vicepresidentes Esteban Bullrich (Pro) y Mar\u00eda Bel\u00e9n Tapia (UCR).<\/p>\n<\/section>\n<\/section>\n<\/div>\n<\/div>\n","protected":false},"excerpt":{"rendered":"<p>Se convoc\u00f3 a un anuncio a las 17 en Casa Rosada. Por la Ley de Solidaridad Social se suspendi\u00f3 por 180 la movilidad jubilatoria. El plazo vence en junio y se anunciar\u00e1 otra suba por decreto El pago ser\u00e1 imputado como adelanto de fondos de las solicitudes presentadas por los Agentes del Seguro de Salud. [&hellip;]<\/p>\n","protected":false},"author":1,"featured_media":39509,"comment_status":"closed","ping_status":"closed","sticky":false,"template":"","format":"standard","meta":{"footnotes":""},"categories":[7],"tags":[136],"class_list":["post-39508","post","type-post","status-publish","format-standard","has-post-thumbnail","hentry","category-nacionales","tag-destacados"],"_links":{"self":[{"href":"http:\/\/informateesquina.com\/index.php?rest_route=\/wp\/v2\/posts\/39508","targetHints":{"allow":["GET"]}}],"collection":[{"href":"http:\/\/informateesquina.com\/index.php?rest_route=\/wp\/v2\/posts"}],"about":[{"href":"http:\/\/informateesquina.com\/index.php?rest_route=\/wp\/v2\/types\/post"}],"author":[{"embeddable":true,"href":"http:\/\/informateesquina.com\/index.php?rest_route=\/wp\/v2\/users\/1"}],"replies":[{"embeddable":true,"href":"http:\/\/informateesquina.com\/index.php?rest_route=%2Fwp%2Fv2%2Fcomments&post=39508"}],"version-history":[{"count":0,"href":"http:\/\/informateesquina.com\/index.php?rest_route=\/wp\/v2\/posts\/39508\/revisions"}],"wp:featuredmedia":[{"embeddable":true,"href":"http:\/\/informateesquina.com\/index.php?rest_route=\/"}],"wp:attachment":[{"href":"http:\/\/informateesquina.com\/index.php?rest_route=%2Fwp%2Fv2%2Fmedia&parent=39508"}],"wp:term":[{"taxonomy":"category","embeddable":true,"href":"http:\/\/informateesquina.com\/index.php?rest_route=%2Fwp%2Fv2%2Fcategories&post=39508"},{"taxonomy":"post_tag","embeddable":true,"href":"http:\/\/informateesquina.com\/index.php?rest_route=%2Fwp%2Fv2%2Ftags&post=39508"}],"curies":[{"name":"wp","href":"https:\/\/api.w.org\/{rel}","templated":true}]}}