{"id":39511,"date":"2020-05-18T17:12:55","date_gmt":"2020-05-18T20:12:55","guid":{"rendered":"https:\/\/informateesquina.com\/?p=39511"},"modified":"2020-05-18T17:12:55","modified_gmt":"2020-05-18T20:12:55","slug":"22-de-mayo-como-sera-la-fiesta-patronal-de-santa-rita-de-casia","status":"publish","type":"post","link":"http:\/\/informateesquina.com\/?p=39511","title":{"rendered":"22 de Mayo: \u00bfC\u00f3mo ser\u00e1 la fiesta patronal de Santa Rita de Casia?"},"content":{"rendered":"<p>El padre Juan Carlos Mendoza, de la parroquia Santa Rita de Casia, habl\u00f3 con Comunic\u00e1ndonos Esquina Corrientes sobre c\u00f3mo ser\u00e1 la novena, en medio de la cuarentena.<\/p>\n<p>Primero explic\u00f3 que tras una disposici\u00f3n, pueden abrir los templos. \u201cAbrimos de 9 a 11, la gente tiene que venir con barbijo, y con mucha paciencia para esperar porque hay el mismo protocolo que para entrar al supermercado o al banco\u201d, dijo y a\u00f1adi\u00f3 \u201cla gente se est\u00e1 acercando a rendirle homenaje, y trae su ofrenda; el agua bendita se puede buscar por secretar\u00eda, que est\u00e1 abierto durante toda la novena\u201d.<\/p>\n<h2><strong>NOVENA DE SANTA RITA DE CASIA: DEL 13 AL 21 DE MAYO<\/strong><\/h2>\n<p>\u201cLa novena est\u00e1 yendo muy bien, transmitida por los distintos canales de televisi\u00f3n, radio y redes sociales. La gente est\u00e1 muy contenta, es una novena distinta y va a ser una fiesta patronal distinta\u201d, dijo y recalc\u00f3 que la Fiesta Patronal del 22 de mayo va a ser en forma virtual y no habr\u00e1 misa presencial.<\/p>\n<p>&#8220;Nosotros no estamos autorizados a hacer misa, si lo hacemos va a ser incontrolable, por eso no nos vamos a exponer. Adem\u00e1s, Santa Rita va a estar en este lugar los 365 d\u00edas del a\u00f1o\u201d, explic\u00f3 el religioso.<\/p>\n<h2><strong>22 DE MAYO:\u00a0<\/strong><strong>FIESTA PATRONAL\u00a0<\/strong><\/h2>\n<p>La \u00a0primera misa (virtual) ser\u00e1 a las 00 horas. \u201cA las 12 y a las 19:30, vamos a relatar la vida y la historia de Santa Rita. Es una novena y fiesta patronal, in\u00e9dita&#8221;, subray\u00f3 el religioso.<\/p>\n<p>Al medio d\u00eda, habr\u00e1 venta de locro a $150 y asado con cuero a $400. \u201cLa tarjeta del asado se puede comprar en la Rural o en el Club N\u00e1utico, o bien ambas tarjetas se pueden comprar en la Secretar\u00eda Parroquial de 9 a 12 horas\u201d, explic\u00f3 el Padre Mendoza.<\/p>\n<p>A las 16 h la imagen de Santa Rita va a salir a recorrer la ciudad con el carro de sonido, con canto, animaci\u00f3n y rezo. \u201cYa vamos a avisar por d\u00f3nde van a cruzar\u201d, dijo y aclar\u00f3 que no se trata de una caravana sino que se espera que la gente salga a sus veredas a saludar \u2013de lejos- a Santa Rita.<\/p>\n<p>A las 18 la misa central, con la cual culmina la celebraci\u00f3n.<\/p>\n<h2><strong>BONO<\/strong><\/h2>\n<p>\u201cEl bono se iba a sortear el s\u00e1bado por loter\u00eda nacional pero al no haber se pas\u00f3 a hoy lunes. En la parroquia hay gente vendiendo y cobrando. Para entrar al sorteo, tiene que tener abonada la segunda noche\u201d, explic\u00f3 el Padre Mendoza.<\/p>\n","protected":false},"excerpt":{"rendered":"<p>El padre Juan Carlos Mendoza, de la parroquia Santa Rita de Casia, habl\u00f3 con Comunic\u00e1ndonos Esquina Corrientes sobre c\u00f3mo ser\u00e1 la novena, en medio de la cuarentena. Primero explic\u00f3 que tras una disposici\u00f3n, pueden abrir los templos. \u201cAbrimos de 9 a 11, la gente tiene que venir con barbijo, y con mucha paciencia para esperar [&hellip;]<\/p>\n","protected":false},"author":1,"featured_media":39514,"comment_status":"closed","ping_status":"closed","sticky":false,"template":"","format":"standard","meta":{"footnotes":""},"categories":[6],"tags":[136],"class_list":["post-39511","post","type-post","status-publish","format-standard","has-post-thumbnail","hentry","category-locales","tag-destacados"],"_links":{"self":[{"href":"http:\/\/informateesquina.com\/index.php?rest_route=\/wp\/v2\/posts\/39511","targetHints":{"allow":["GET"]}}],"collection":[{"href":"http:\/\/informateesquina.com\/index.php?rest_route=\/wp\/v2\/posts"}],"about":[{"href":"http:\/\/informateesquina.com\/index.php?rest_route=\/wp\/v2\/types\/post"}],"author":[{"embeddable":true,"href":"http:\/\/informateesquina.com\/index.php?rest_route=\/wp\/v2\/users\/1"}],"replies":[{"embeddable":true,"href":"http:\/\/informateesquina.com\/index.php?rest_route=%2Fwp%2Fv2%2Fcomments&post=39511"}],"version-history":[{"count":0,"href":"http:\/\/informateesquina.com\/index.php?rest_route=\/wp\/v2\/posts\/39511\/revisions"}],"wp:featuredmedia":[{"embeddable":true,"href":"http:\/\/informateesquina.com\/index.php?rest_route=\/"}],"wp:attachment":[{"href":"http:\/\/informateesquina.com\/index.php?rest_route=%2Fwp%2Fv2%2Fmedia&parent=39511"}],"wp:term":[{"taxonomy":"category","embeddable":true,"href":"http:\/\/informateesquina.com\/index.php?rest_route=%2Fwp%2Fv2%2Fcategories&post=39511"},{"taxonomy":"post_tag","embeddable":true,"href":"http:\/\/informateesquina.com\/index.php?rest_route=%2Fwp%2Fv2%2Ftags&post=39511"}],"curies":[{"name":"wp","href":"https:\/\/api.w.org\/{rel}","templated":true}]}}