{"id":39515,"date":"2020-05-18T20:51:41","date_gmt":"2020-05-18T23:51:41","guid":{"rendered":"https:\/\/informateesquina.com\/?p=39515"},"modified":"2020-05-18T20:51:41","modified_gmt":"2020-05-18T23:51:41","slug":"se-descarto-el-caso-sospechoso-de-covid-19-del-funcionario-policial","status":"publish","type":"post","link":"http:\/\/informateesquina.com\/?p=39515","title":{"rendered":"Se descart\u00f3 el caso sospechoso de COVID-19 del funcionario policial\u00a0"},"content":{"rendered":"<section class=\"bajada\">El COES inform\u00f3 que las muestras tomadas el d\u00eda domingo a un funcionario policial que trabajaba en un puesto caminero dieron negativas .<\/section>\n<section><\/section>\n<section><span style=\"font-family: Helvetica;\">El Comit\u00e9 de Emergencia en Salud La Paz inform\u00f3 que este lunes 18 de Mayo recibi\u00f3 el resultado de la muestra que se le realiz\u00f3 a un funcionario policial que vive en la ciudad pero que se encontraba cumpliendo funciones en el Paso Caminero del T\u00fanel Subfluvial en Paran\u00e1.<\/span><\/p>\n<div><span style=\"font-family: Helvetica;\">\u00a0<\/span><\/div>\n<div>Desde el COES informaron que las muestras tomadas dieron negativas a coronavirus.<\/div>\n<div><span style=\"font-family: Helvetica;\">\u00a0<\/span><\/div>\n<div><b>Diario La Paz<\/b><\/div>\n<\/section>\n","protected":false},"excerpt":{"rendered":"<p>El COES inform\u00f3 que las muestras tomadas el d\u00eda domingo a un funcionario policial que trabajaba en un puesto caminero dieron negativas . El Comit\u00e9 de Emergencia en Salud La Paz inform\u00f3 que este lunes 18 de Mayo recibi\u00f3 el resultado de la muestra que se le realiz\u00f3 a un funcionario policial que vive en [&hellip;]<\/p>\n","protected":false},"author":1,"featured_media":39516,"comment_status":"closed","ping_status":"closed","sticky":false,"template":"","format":"standard","meta":{"footnotes":""},"categories":[11],"tags":[],"class_list":["post-39515","post","type-post","status-publish","format-standard","has-post-thumbnail","hentry","category-sociedad"],"_links":{"self":[{"href":"http:\/\/informateesquina.com\/index.php?rest_route=\/wp\/v2\/posts\/39515","targetHints":{"allow":["GET"]}}],"collection":[{"href":"http:\/\/informateesquina.com\/index.php?rest_route=\/wp\/v2\/posts"}],"about":[{"href":"http:\/\/informateesquina.com\/index.php?rest_route=\/wp\/v2\/types\/post"}],"author":[{"embeddable":true,"href":"http:\/\/informateesquina.com\/index.php?rest_route=\/wp\/v2\/users\/1"}],"replies":[{"embeddable":true,"href":"http:\/\/informateesquina.com\/index.php?rest_route=%2Fwp%2Fv2%2Fcomments&post=39515"}],"version-history":[{"count":0,"href":"http:\/\/informateesquina.com\/index.php?rest_route=\/wp\/v2\/posts\/39515\/revisions"}],"wp:featuredmedia":[{"embeddable":true,"href":"http:\/\/informateesquina.com\/index.php?rest_route=\/"}],"wp:attachment":[{"href":"http:\/\/informateesquina.com\/index.php?rest_route=%2Fwp%2Fv2%2Fmedia&parent=39515"}],"wp:term":[{"taxonomy":"category","embeddable":true,"href":"http:\/\/informateesquina.com\/index.php?rest_route=%2Fwp%2Fv2%2Fcategories&post=39515"},{"taxonomy":"post_tag","embeddable":true,"href":"http:\/\/informateesquina.com\/index.php?rest_route=%2Fwp%2Fv2%2Ftags&post=39515"}],"curies":[{"name":"wp","href":"https:\/\/api.w.org\/{rel}","templated":true}]}}