{"id":39528,"date":"2020-05-18T21:51:34","date_gmt":"2020-05-19T00:51:34","guid":{"rendered":"https:\/\/informateesquina.com\/?p=39528"},"modified":"2020-05-18T21:51:34","modified_gmt":"2020-05-19T00:51:34","slug":"anuncian-aumento-del-612-para-todos-los-jubilados-y-pensionados","status":"publish","type":"post","link":"http:\/\/informateesquina.com\/?p=39528","title":{"rendered":"Anuncian aumento del 6,12% para todos los jubilados y pensionados"},"content":{"rendered":"<p class=\"copete\">Lo anunci\u00f3 el ministro de Trabajo, Claudio Moroni, junto a la titular de la Anses, Fernanda Raverta, en una conferencia en Casa Rosada. M\u00e1s del 80% de los jubilados y pensionados le ganar\u00e1n a la inflaci\u00f3n. La jubilaci\u00f3n m\u00ednima ser\u00e1 de $16.864.<\/p>\n<div class=\"fotos-y-videos\">\n<ul class=\"nav nav-tabs\" role=\"tablist\">\n<li class=\"active\" role=\"presentation\"><\/li>\n<\/ul>\n<div class=\"tab-content\">\n<div id=\"fotos\" class=\"tab-pane fade in active\" role=\"tabpanel\"><a class=\"fotos-desarrollo unlink\" title=\"Anuncian aumento del 6,12% para todos los jubilados y pensionados\" href=\"https:\/\/www.radiosudamericana.com\/notix\/multimedia\/imagenes\/fotos\/2020-05-18\/772929.jpg\"><img decoding=\"async\" class=\"img-responsive lazyload center-block\" src=\"https:\/\/www.radiosudamericana.com\/notix\/multimedia\/imagenes\/fotos\/2020-05-18\/772929.jpg\" alt=\"foto: Anuncian aumento del 6,12% para todos los jubilados y pensionados\" \/><\/a><\/div>\n<\/div>\n<\/div>\n<p>&nbsp;<\/p>\n<div class=\"cuerpo\">\n<p>El Gobierno anunci\u00f3 esta tarde que el aumento para jubilados y pensionados ser\u00e1 del 6,12% a partir de junio,\u00a0lo que lleva la jubilaci\u00f3n m\u00ednima a 16.864 pesos y el haber m\u00e1ximo a 118.044 pesos.<\/p>\n<p>Lo confirm\u00f3 el ministro de Trabajo\u00a0Claudio Moroni\u00a0junto a la titular de la Anses,\u00a0Fernanda Raverta\u00a0en una conferencia de prensa desde Casa Rosada.<\/p>\n<p>El aumento es del 6,12% para todos los jubilados y pensionados de acuerdo a la escala de la pir\u00e1mide.\u00a0Incluye adem\u00e1s a las pensiones no contributivas, a la Asignaci\u00f3n Universal por Hijo (AUH), la asignaci\u00f3n universal por embarazo y las asignaciones familiares.<\/p>\n<p>El universo total de beneficiarios por el aumento que el Estado argentino est\u00e1 otorgando, alcanza a m\u00e1s de 16 millones de argentinos y argentinas.<\/p>\n<p>De esta manera, ante una inflaci\u00f3n proyectada del 14,4% en este semestre, los jubilados y pensionados que cobran la jubilaci\u00f3n m\u00ednima la han superado en un 5 por ciento.<\/p>\n<p>Asimismo, con los bonos otorgados por $13.000 pesos desde diciembre del a\u00f1o pasado hasta hoy, la gran mayor\u00eda de los jubilados y pensionados fueron beneficiados con un monto extra similar a la de una jubilaci\u00f3n m\u00ednima o aguinaldo completo.<\/p>\n<\/div>\n","protected":false},"excerpt":{"rendered":"<p>Lo anunci\u00f3 el ministro de Trabajo, Claudio Moroni, junto a la titular de la Anses, Fernanda Raverta, en una conferencia en Casa Rosada. M\u00e1s del 80% de los jubilados y pensionados le ganar\u00e1n a la inflaci\u00f3n. La jubilaci\u00f3n m\u00ednima ser\u00e1 de $16.864. &nbsp; El Gobierno anunci\u00f3 esta tarde que el aumento para jubilados y pensionados [&hellip;]<\/p>\n","protected":false},"author":1,"featured_media":39529,"comment_status":"closed","ping_status":"closed","sticky":false,"template":"","format":"standard","meta":{"footnotes":""},"categories":[7],"tags":[136],"class_list":["post-39528","post","type-post","status-publish","format-standard","has-post-thumbnail","hentry","category-nacionales","tag-destacados"],"_links":{"self":[{"href":"http:\/\/informateesquina.com\/index.php?rest_route=\/wp\/v2\/posts\/39528","targetHints":{"allow":["GET"]}}],"collection":[{"href":"http:\/\/informateesquina.com\/index.php?rest_route=\/wp\/v2\/posts"}],"about":[{"href":"http:\/\/informateesquina.com\/index.php?rest_route=\/wp\/v2\/types\/post"}],"author":[{"embeddable":true,"href":"http:\/\/informateesquina.com\/index.php?rest_route=\/wp\/v2\/users\/1"}],"replies":[{"embeddable":true,"href":"http:\/\/informateesquina.com\/index.php?rest_route=%2Fwp%2Fv2%2Fcomments&post=39528"}],"version-history":[{"count":0,"href":"http:\/\/informateesquina.com\/index.php?rest_route=\/wp\/v2\/posts\/39528\/revisions"}],"wp:featuredmedia":[{"embeddable":true,"href":"http:\/\/informateesquina.com\/index.php?rest_route=\/"}],"wp:attachment":[{"href":"http:\/\/informateesquina.com\/index.php?rest_route=%2Fwp%2Fv2%2Fmedia&parent=39528"}],"wp:term":[{"taxonomy":"category","embeddable":true,"href":"http:\/\/informateesquina.com\/index.php?rest_route=%2Fwp%2Fv2%2Fcategories&post=39528"},{"taxonomy":"post_tag","embeddable":true,"href":"http:\/\/informateesquina.com\/index.php?rest_route=%2Fwp%2Fv2%2Ftags&post=39528"}],"curies":[{"name":"wp","href":"https:\/\/api.w.org\/{rel}","templated":true}]}}