{"id":39535,"date":"2020-05-18T22:07:22","date_gmt":"2020-05-19T01:07:22","guid":{"rendered":"https:\/\/informateesquina.com\/?p=39535"},"modified":"2020-05-18T22:07:22","modified_gmt":"2020-05-19T01:07:22","slug":"cordoba-vuelve-a-la-fase-3-por-el-brote-de-coronavirus-en-el-centro-de-la-capital","status":"publish","type":"post","link":"http:\/\/informateesquina.com\/?p=39535","title":{"rendered":"C\u00f3rdoba vuelve a la Fase-3 por el brote de coronavirus en el centro de la Capital"},"content":{"rendered":"<h5 class=\"intro\">Lo resolvi\u00f3 el Comit\u00e9 de Operaciones de Emergencias (COE) tras la aparici\u00f3n de 55 casos positivos de coronavirus en las \u00faltimas 72 horas, s\u00f3lo en la Capital.<\/h5>\n<p><img loading=\"lazy\" decoding=\"async\" class=\"alignnone size-medium wp-image-39537\" src=\"https:\/\/informateesquina.com\/wp-content\/uploads\/2020\/05\/crimen-terminal-omnibus-300x169.jpg\" alt=\"\" width=\"300\" height=\"169\" \/><\/p>\n<p>El ministro de Salud de C\u00f3rdoba, Diego Cardozo, inform\u00f3 que\u00a0<strong>la Capital de la provincia mediterr\u00e1nea retrocede en su apertura y flexibilizaci\u00f3n de la cuarentena por el COVID-19 y desde la medianoche volver\u00e1 a transitar la Fase-3<\/strong>: durante los \u00faltimos tres d\u00edas de la semana pasada y hasta el inicio del feriado del 25 de Mayo se hab\u00eda dispuesto una flexibiliziaci\u00f3n en esa ciudad, pero ahora todas esas actividades quedan suspendidas nuevamente. Se trata de\u00a0caminatas recreativas, comercios minoristas, peluquer\u00edas, la asistencia a templos de distintas religiones -no se pod\u00edan dar oficios-; y el\u00a0ejercicio de profesiones liberales y hasta mudanzas domiciliarias.<\/p>\n<p>La decisi\u00f3n se basa en que en la Capital aparecieron en las \u00faltimas 72 horas, 55 casos positivos de COVID-19. \u201cSe van a mantener en funcionamiento las actividades esenciales, para que la gente pueda aprovisionarse de alimentos, las farmacias, y hasta las obras sociales. Esto no es culpa de nadie, hay que ser solidarios con las personas que est\u00e1n enfermas, no hay que echar culpas sino ocuparse de las personas que tienen la infecci\u00f3n\u201d, se\u00f1al\u00f3 el ministro Cardozo, al explicar la decisi\u00f3n del Comit\u00e9 de Operaciones de Emergencia (COE) de endurecer la cuarentena. El ministro de Salud aclar\u00f3 que \u201cla medida rige para la ciudad de C\u00f3rdoba, mientras que el resto de las localidades del Gran C\u00f3rdoba seguir\u00e1 con las flexibilizaciones adoptadas hasta el momento\u201d.<\/p>\n<p><img loading=\"lazy\" decoding=\"async\" class=\"alignnone size-medium wp-image-39536\" src=\"https:\/\/informateesquina.com\/wp-content\/uploads\/2020\/05\/corona_1589761612-300x165.jpg\" alt=\"\" width=\"300\" height=\"165\" \/><\/p>\n<p>La decisi\u00f3n de volver a la Fase-3 de flexibilizaci\u00f3n de la cuarentena la tom\u00f3 el comit\u00e9 asesor del COE en una reuni\u00f3n donde estuvieron el vicegobernador Manuel Calvo, el ministro Cardozo, funcionarios de la cartera de Seguridad y el intendente capitalino, Mart\u00edn Llaryora. Las actividades esenciales e industriales seguir\u00e1n como lo vienen haciendo desde que se impuso el control de circulaci\u00f3n preventivo y obligatorio y los protocolos.<\/p>\n<p>Cardozo agreg\u00f3 que van \u201ca\u00a0hacer un control sanitario y de ampliaci\u00f3n diagn\u00f3stica en 16 barrios de la ciudad Capital donde hay casos positivos, con el objetivo de interrumpir las cadena de transmisi\u00f3n\u201d. Para llevar tranquilidad, se\u00f1al\u00f3 que \u201c\u00e9sto no es\u00a0\u00a0consecuencia de la la liberacion de las actividades de estos \u00faltimos d\u00edas sino de lo que ha sucedido en los \u00faltimos 30 d\u00edas con los distintos casos positivos y de contagios\u201d.<\/p>\n<div class=\"publiamp container\" data-tipo=\"tipo_desktop \" data-pos=\"AMP_P1_cuerpo\"><img loading=\"lazy\" decoding=\"async\" class=\"alignnone size-medium wp-image-39538\" src=\"https:\/\/informateesquina.com\/wp-content\/uploads\/2020\/05\/multimedia.normal.9c42b1bed7920438.7469656d706f2066726573636f20636f72646f62615f6e6f726d616c2e6a7067-300x224.jpg\" alt=\"\" width=\"300\" height=\"224\" \/><\/div>\n<p>Desde el COE informaron que se reforzar\u00e1n los controles en los ingresos a la Capital cordobesa y la circulaci\u00f3n interna en las calles capitalinas.<\/p>\n<p>El s\u00e1bado a la ma\u00f1ana, cuando se descubri\u00f3 oficialmente un brote de coronavirus en la zona del Mercado Norte \u2013en el macrocentro capitalino-, se decidi\u00f3 aislar una zona de nueve manzanas. Hoy ya se detectaron al menos 17 casos positivos de ese brote. Y sospechan que puede haber una transmisi\u00f3n comunitaria a alguna localidad del Gran C\u00f3rdoba. Se realizaron m\u00e1s de 200 testeos y buscan llegar a los 1.000 test casa por casa.<\/p>\n<p>El presidente Alberto Fern\u00e1ndez hab\u00eda anunciado que esta etapa de cuarentena vence a la medianoche del domingo 24 de mayo; y viendo los resultados de los \u00faltimos d\u00edas, podr\u00eda extenderse por dos semanas m\u00e1s.<\/p>\n","protected":false},"excerpt":{"rendered":"<p>Lo resolvi\u00f3 el Comit\u00e9 de Operaciones de Emergencias (COE) tras la aparici\u00f3n de 55 casos positivos de coronavirus en las \u00faltimas 72 horas, s\u00f3lo en la Capital. El ministro de Salud de C\u00f3rdoba, Diego Cardozo, inform\u00f3 que\u00a0la Capital de la provincia mediterr\u00e1nea retrocede en su apertura y flexibilizaci\u00f3n de la cuarentena por el COVID-19 y [&hellip;]<\/p>\n","protected":false},"author":1,"featured_media":39538,"comment_status":"closed","ping_status":"closed","sticky":false,"template":"","format":"standard","meta":{"footnotes":""},"categories":[11],"tags":[],"class_list":["post-39535","post","type-post","status-publish","format-standard","has-post-thumbnail","hentry","category-sociedad"],"_links":{"self":[{"href":"http:\/\/informateesquina.com\/index.php?rest_route=\/wp\/v2\/posts\/39535","targetHints":{"allow":["GET"]}}],"collection":[{"href":"http:\/\/informateesquina.com\/index.php?rest_route=\/wp\/v2\/posts"}],"about":[{"href":"http:\/\/informateesquina.com\/index.php?rest_route=\/wp\/v2\/types\/post"}],"author":[{"embeddable":true,"href":"http:\/\/informateesquina.com\/index.php?rest_route=\/wp\/v2\/users\/1"}],"replies":[{"embeddable":true,"href":"http:\/\/informateesquina.com\/index.php?rest_route=%2Fwp%2Fv2%2Fcomments&post=39535"}],"version-history":[{"count":0,"href":"http:\/\/informateesquina.com\/index.php?rest_route=\/wp\/v2\/posts\/39535\/revisions"}],"wp:featuredmedia":[{"embeddable":true,"href":"http:\/\/informateesquina.com\/index.php?rest_route=\/"}],"wp:attachment":[{"href":"http:\/\/informateesquina.com\/index.php?rest_route=%2Fwp%2Fv2%2Fmedia&parent=39535"}],"wp:term":[{"taxonomy":"category","embeddable":true,"href":"http:\/\/informateesquina.com\/index.php?rest_route=%2Fwp%2Fv2%2Fcategories&post=39535"},{"taxonomy":"post_tag","embeddable":true,"href":"http:\/\/informateesquina.com\/index.php?rest_route=%2Fwp%2Fv2%2Ftags&post=39535"}],"curies":[{"name":"wp","href":"https:\/\/api.w.org\/{rel}","templated":true}]}}