{"id":39541,"date":"2020-05-19T11:41:47","date_gmt":"2020-05-19T14:41:47","guid":{"rendered":"https:\/\/informateesquina.com\/?p=39541"},"modified":"2020-05-19T11:41:47","modified_gmt":"2020-05-19T14:41:47","slug":"por-octavo-dia-corrientes-se-mantiene-sin-nuevos-contagios-de-coronavirus","status":"publish","type":"post","link":"http:\/\/informateesquina.com\/?p=39541","title":{"rendered":"Por octavo d\u00eda, Corrientes se mantiene sin nuevos contagios de Coronavirus"},"content":{"rendered":"<p class=\"x_MsoNormal\" style=\"text-align: center;\"><strong><em><span lang=\"ES-AR\">El Gobierno provincial confirm\u00f3 este martes que no se registraron nuevos casos de Coronavirus positivos en el territorio correntino, por lo que el acumulado en ese sentido se mantiene en 78, de los cuales 49 se recuperaron y fueron dados de alta. Se encuentran activos 29 casos positivos, uno de los cuales est\u00e1 internado en Sala General de hospital Llano de la ciudad Capital, cuya condici\u00f3n cl\u00ednica es estable, mientras que 28 se encuentran aislados y en buen estado de salud.<\/span><\/em><\/strong><\/p>\n<p>&nbsp;<\/p>\n<p class=\"x_MsoNormal\"><span lang=\"ES-AR\">Tambi\u00e9n hay un caso sospechoso internado en Sala General del hospital Llano, en condici\u00f3n cl\u00ednica estable. Permanecen en asilamiento preventivo 1608 personas, y concluyeron esa condici\u00f3n 4840.<\/span><\/p>\n<p class=\"x_MsoNormal\"><span lang=\"ES-AR\">El Comit\u00e9 de Emergencia ratifica que para mantener la condici\u00f3n epidemiol\u00f3gica actual, que revela que no hay circulaci\u00f3n viral en la comunidad, se debe cumplir con todas las normativas vigentes de la cuarentena regulada, saliendo lo necesario de los hogares, hacerlo con barbijo, manteniendo la distancia de persona a persona, no generar aglomeraciones, cumplir con las medidas de higiene dispuesta por la entidad sanitaria y utilizar las horas de caminata en los lugares y horarios habilitados.<\/span><\/p>\n<p class=\"x_MsoNormal\"><span lang=\"ES-AR\">Por otra parte, el Dengue en la ciudad de Corrientes se mantuvo en ocho casos y en el interior hubo tres. Las acciones para controlar el vector son intensas en todo el territorio provincial, y participan en las mismas equipos de los municipios, la Provincia y la Naci\u00f3n.<\/span><\/p>\n","protected":false},"excerpt":{"rendered":"<p>El Gobierno provincial confirm\u00f3 este martes que no se registraron nuevos casos de Coronavirus positivos en el territorio correntino, por lo que el acumulado en ese sentido se mantiene en 78, de los cuales 49 se recuperaron y fueron dados de alta. Se encuentran activos 29 casos positivos, uno de los cuales est\u00e1 internado en [&hellip;]<\/p>\n","protected":false},"author":1,"featured_media":39543,"comment_status":"closed","ping_status":"closed","sticky":false,"template":"","format":"standard","meta":{"footnotes":""},"categories":[10],"tags":[136],"class_list":["post-39541","post","type-post","status-publish","format-standard","has-post-thumbnail","hentry","category-provinciales","tag-destacados"],"_links":{"self":[{"href":"http:\/\/informateesquina.com\/index.php?rest_route=\/wp\/v2\/posts\/39541","targetHints":{"allow":["GET"]}}],"collection":[{"href":"http:\/\/informateesquina.com\/index.php?rest_route=\/wp\/v2\/posts"}],"about":[{"href":"http:\/\/informateesquina.com\/index.php?rest_route=\/wp\/v2\/types\/post"}],"author":[{"embeddable":true,"href":"http:\/\/informateesquina.com\/index.php?rest_route=\/wp\/v2\/users\/1"}],"replies":[{"embeddable":true,"href":"http:\/\/informateesquina.com\/index.php?rest_route=%2Fwp%2Fv2%2Fcomments&post=39541"}],"version-history":[{"count":0,"href":"http:\/\/informateesquina.com\/index.php?rest_route=\/wp\/v2\/posts\/39541\/revisions"}],"wp:featuredmedia":[{"embeddable":true,"href":"http:\/\/informateesquina.com\/index.php?rest_route=\/"}],"wp:attachment":[{"href":"http:\/\/informateesquina.com\/index.php?rest_route=%2Fwp%2Fv2%2Fmedia&parent=39541"}],"wp:term":[{"taxonomy":"category","embeddable":true,"href":"http:\/\/informateesquina.com\/index.php?rest_route=%2Fwp%2Fv2%2Fcategories&post=39541"},{"taxonomy":"post_tag","embeddable":true,"href":"http:\/\/informateesquina.com\/index.php?rest_route=%2Fwp%2Fv2%2Ftags&post=39541"}],"curies":[{"name":"wp","href":"https:\/\/api.w.org\/{rel}","templated":true}]}}