{"id":39546,"date":"2020-05-19T12:09:53","date_gmt":"2020-05-19T15:09:53","guid":{"rendered":"https:\/\/informateesquina.com\/?p=39546"},"modified":"2020-05-19T12:09:53","modified_gmt":"2020-05-19T15:09:53","slug":"detienen-a-ex-convicto-tras-intentar-agredir-a-policias-con-un-machete","status":"publish","type":"post","link":"http:\/\/informateesquina.com\/?p=39546","title":{"rendered":"Detienen a ex convicto tras intentar agredir a polic\u00edas con un machete"},"content":{"rendered":"<div class=\"col-md-12\">\n<h1><span style=\"color: #666666; font-family: Roboto, sans-serif; font-size: 15px;\">El hecho ocurri\u00f3 esta madrugada en zona del barrio San Marcos, cuando un hombre intent\u00f3 agredir a polic\u00edas con un machete y un cuchillo. Seg\u00fan los datos aportados a Radio Sudamericana, el aprehendido ten\u00eda un frondoso prontuario y recientemente hab\u00eda salido de la c\u00e1rcel tras cumplir una condena.<\/span><\/h1>\n<div class=\"image_review_wrapper\">\n<div class=\"swiper-container swiper-container-horizontal swiper-container-android\">\n<div class=\"swiper-wrapper\">\n<div class=\"swiper-slide swiper-slide-active\"><a href=\"https:\/\/radiosudamericana.com\/notix\/multimedia\/imagenes\/fotos\/2020-05-19\/331654.jpg\"><img decoding=\"async\" class=\"img-responsive\" src=\"https:\/\/radiosudamericana.com\/notix\/multimedia\/imagenes\/fotos\/2020-05-19\/331654.jpg\" alt=\"Responsive image\" \/><\/a><\/div>\n<div class=\"swiper-slide swiper-slide-next\"><a href=\"https:\/\/radiosudamericana.com\/notix\/multimedia\/imagenes\/fotos\/2020-05-19\/156707.jpg\"><img decoding=\"async\" class=\"img-responsive\" src=\"https:\/\/radiosudamericana.com\/notix\/multimedia\/imagenes\/fotos\/2020-05-19\/156707.jpg\" alt=\"Responsive image\" \/><\/a><\/div>\n<div class=\"swiper-slide\"><a href=\"https:\/\/radiosudamericana.com\/notix\/multimedia\/imagenes\/fotos\/2020-05-19\/754124.jpg\"><img decoding=\"async\" class=\"img-responsive\" src=\"https:\/\/radiosudamericana.com\/notix\/multimedia\/imagenes\/fotos\/2020-05-19\/754124.jpg\" alt=\"Responsive image\" \/><\/a><\/div>\n<div class=\"swiper-slide\"><a href=\"https:\/\/radiosudamericana.com\/notix\/multimedia\/imagenes\/fotos\/2020-05-19\/250330.jpg\"><img decoding=\"async\" class=\"img-responsive\" src=\"https:\/\/radiosudamericana.com\/notix\/multimedia\/imagenes\/fotos\/2020-05-19\/250330.jpg\" alt=\"Responsive image\" \/><\/a><\/div>\n<\/div>\n<\/div>\n<\/div>\n<ul id=\"social_nota3\">\n<li><\/li>\n<\/ul>\n<\/div>\n<div class=\"col-md-12\"><\/div>\n<div class=\"col-md-12\">\n<div><audio src=\"https:\/\/radiosudamericana.com\/\/multimedia\/audios\/2020-05-19\/693691.mp3\" controls=\"controls\" data-mce-fragment=\"1\"><\/audio><\/div>\n<\/div>\n<p>Tras un procedimiento realizado por polic\u00edas del destacamento San Marcos, en la intersecci\u00f3n de las calles Merceditas y San Mart\u00edn en el barrio San Marcos, detuvieron a un hombre identificado como L. Fortex, quien intent\u00f3\u00a0atacar con un machate y un cuchillo a los efectivos.<\/p>\n<p><img decoding=\"async\" class=\"img-responsive\" src=\"https:\/\/radiosudamericana.com\/notix\/multimedia\/imagenes\/fotos\/2020-05-19\/156707.jpg\" \/><\/p>\n<p>Ante la violenta \u00a0situaci\u00f3n, la cual ocurri\u00f3 a las 3 de la madrugada, \u00a0los funcionarios policiales\u00a0 lograron decir al agresor y se le inici\u00f3 una causa judicial por atentado y resistencia\u00a0a la autoridad.<\/p>\n<p>Desde la Polic\u00eda de Corrientes informaron que Fortex, posee numerosos antecedentes por robo y agresi\u00f3n al personal policial, recientemente sali\u00f3 de la c\u00e1rcel tras cumplir una condena.<\/p>\n<p><img decoding=\"async\" class=\"img-responsive\" src=\"https:\/\/radiosudamericana.com\/notix\/multimedia\/imagenes\/fotos\/2020-05-19\/754124.jpg\" \/><\/p>\n<p>&nbsp;<\/p>\n","protected":false},"excerpt":{"rendered":"<p>El hecho ocurri\u00f3 esta madrugada en zona del barrio San Marcos, cuando un hombre intent\u00f3 agredir a polic\u00edas con un machete y un cuchillo. Seg\u00fan los datos aportados a Radio Sudamericana, el aprehendido ten\u00eda un frondoso prontuario y recientemente hab\u00eda salido de la c\u00e1rcel tras cumplir una condena. Tras un procedimiento realizado por polic\u00edas del [&hellip;]<\/p>\n","protected":false},"author":1,"featured_media":39547,"comment_status":"closed","ping_status":"closed","sticky":false,"template":"","format":"standard","meta":{"footnotes":""},"categories":[8],"tags":[],"class_list":["post-39546","post","type-post","status-publish","format-standard","has-post-thumbnail","hentry","category-policiales"],"_links":{"self":[{"href":"http:\/\/informateesquina.com\/index.php?rest_route=\/wp\/v2\/posts\/39546","targetHints":{"allow":["GET"]}}],"collection":[{"href":"http:\/\/informateesquina.com\/index.php?rest_route=\/wp\/v2\/posts"}],"about":[{"href":"http:\/\/informateesquina.com\/index.php?rest_route=\/wp\/v2\/types\/post"}],"author":[{"embeddable":true,"href":"http:\/\/informateesquina.com\/index.php?rest_route=\/wp\/v2\/users\/1"}],"replies":[{"embeddable":true,"href":"http:\/\/informateesquina.com\/index.php?rest_route=%2Fwp%2Fv2%2Fcomments&post=39546"}],"version-history":[{"count":0,"href":"http:\/\/informateesquina.com\/index.php?rest_route=\/wp\/v2\/posts\/39546\/revisions"}],"wp:featuredmedia":[{"embeddable":true,"href":"http:\/\/informateesquina.com\/index.php?rest_route=\/"}],"wp:attachment":[{"href":"http:\/\/informateesquina.com\/index.php?rest_route=%2Fwp%2Fv2%2Fmedia&parent=39546"}],"wp:term":[{"taxonomy":"category","embeddable":true,"href":"http:\/\/informateesquina.com\/index.php?rest_route=%2Fwp%2Fv2%2Fcategories&post=39546"},{"taxonomy":"post_tag","embeddable":true,"href":"http:\/\/informateesquina.com\/index.php?rest_route=%2Fwp%2Fv2%2Ftags&post=39546"}],"curies":[{"name":"wp","href":"https:\/\/api.w.org\/{rel}","templated":true}]}}