{"id":39549,"date":"2020-05-19T12:26:24","date_gmt":"2020-05-19T15:26:24","guid":{"rendered":"https:\/\/informateesquina.com\/?p=39549"},"modified":"2020-05-19T12:26:24","modified_gmt":"2020-05-19T15:26:24","slug":"39549-2","status":"publish","type":"post","link":"http:\/\/informateesquina.com\/?p=39549","title":{"rendered":"Congelan hasta agosto las tarifas de telefon\u00eda, internet y cable"},"content":{"rendered":"<div class=\"col-md-12\">\n<h1><span style=\"color: #666666; font-family: Roboto, sans-serif; font-size: 15px;\">La medida incluye adem\u00e1s la implementaci\u00f3n por parte de las empresas de un esquema de servicio complementario para los usuarios que enfrenten problemas econ\u00f3micos bajo el mecanismo de abono postpago, prepago e internet al hogar.<\/span><\/h1>\n<div class=\"image_review_wrapper\">\n<div class=\"swiper-container swiper-container-horizontal swiper-container-android\">\n<div class=\"swiper-wrapper\">\n<div class=\"swiper-slide swiper-slide-active\"><a href=\"https:\/\/radiosudamericana.com\/notix\/multimedia\/imagenes\/fotos\/2020-05-19\/831777.jpg\"><img decoding=\"async\" class=\"img-responsive\" src=\"https:\/\/radiosudamericana.com\/notix\/multimedia\/imagenes\/fotos\/2020-05-19\/831777.jpg\" alt=\"Responsive image\" \/><\/a><\/div>\n<\/div>\n<\/div>\n<\/div>\n<ul id=\"social_nota3\">\n<li><\/li>\n<\/ul>\n<\/div>\n<p>El Gobierno nacional anunci\u00f3 este lunes el congelamiento hasta fin de agosto de las tarifas de telefon\u00eda fija, celular, internet y TV paga, adem\u00e1s de la implementaci\u00f3n de un esquema de servicios complementarios para quienes no puedan abonar los servicios mediante mecanismos de postpago, prepagos e internet del hogar.<\/p>\n<p>Adem\u00e1s, las empresas se comprometieron a no ordenar despidos de personal, se\u00f1al\u00f3 esta tarde el titular del Ente Nacional de Comunicaciones (Enacom), Claudio Ambrosini, luego de una reuni\u00f3n que mantuvo con el presidente Alberto Fern\u00e1ndez.<\/p>\n<p>&#8220;Durante la tarde de hoy, el Poder Ejecutivo resolvi\u00f3 con acuerdo de las partes una serie de disposiciones para los servicios de telefon\u00eda m\u00f3vil y fija, Internet y TV paga para suspender los aumentos de precios hasta el 31 de agosto de 2020, con el fin de alivianar la situaci\u00f3n de los usuarios y usuarias afectados por la cuarentena&#8221;, explic\u00f3 Ambrosini.<\/p>\n<p>El funcionario detall\u00f3 que adem\u00e1s del congelamiento, &#8220;se ha tomado otra medida a favor de los usuarios y usuarias que consiste en poner a disposici\u00f3n planes inclusivos de Telefon\u00eda e Internet M\u00f3vil de pospago; de prepago m\u00f3vil y de internet fijo destinados a todas las personas que soliciten el beneficio, con un precio fijo hasta el 31 de octubre&#8221;.<\/p>\n<p>Ambrosini se\u00f1al\u00f3 que el objetivo de los mismos es que &#8220;las personas que atraviesan dificultades econ\u00f3micas durante la cuarentena puedan cambiarse de plan y acceder a un servicio que garantiza la conectividad a un precio accesible&#8221;.<\/p>\n<p>Fuentes del sector empresario precisaron a T\u00e9lam que las tarifas y precios se congelaron en los valores vigentes al 1 de mayo pasado.<\/p>\n<p>Respecto a los planes complementarios, Ambrosini dijo que deber\u00e1n cumplir una prestaci\u00f3n que consistir\u00e1 en al menos 500 MB de datos; aplicaciones de mensajer\u00eda -solo texto-(WhatsApp, Telegram, Facebook Messenger); 500 SMS; 300 minutos de llamadas en la red del mismo prestador y 50 minutos en redes de otros prestadores.<\/p>\n<p>Adem\u00e1s deber\u00e1n contar con acceso gratuito a lineas 0800, navegaci\u00f3n en portales educativos gratis para el caso de la Telefon\u00eda e Internet Movil de Pospago; aplicaciones de mensajer\u00eda -solo texto-(WhatsApp, Telegram, Facebook Messenger); 300 SMS; 100 minutos de llamadas en la red del mismo prestador y 50 minutos en redes de otros prestadores.<\/p>\n<p>Tambi\u00e9n los usuarios deber\u00e1n poder acceder a navegaci\u00f3n en portales educativos gratis para el servicio de Prepago M\u00f3vil; velocidad de 5 Mbps para internet fijo; y la extensi\u00f3n del beneficio \u201cservicio reducido\u201d que garantiza la conectividad de usuarios con sistema prepago de telefon\u00eda m\u00f3vil e internet, y mantenimiento del precio hasta el 31 de octubre de 2020 (hoy vigente hasta el 31 de mayo por DNU N\u00ba 426\/2020).<\/p>\n<p>Adem\u00e1s, como parte del acuerdo asumido, las empresas prestadoras se comprometen a no realizar despidos durante el plazo de duraci\u00f3n del mismo, inform\u00f3 Ambrosini.<\/p>\n<p>Este acuerdo se suma a las medidas dispuestas por el gobierno nacional para garantizar la conectividad y el pleno acceso a la informaci\u00f3n necesaria de toda la ciudadan\u00eda, motivo por el cual tecnolog\u00edas de la informaci\u00f3n y la comunicaci\u00f3n (TIC) fueron declaradas una actividad esencial en el marco de la pandemia.<\/p>\n","protected":false},"excerpt":{"rendered":"<p>La medida incluye adem\u00e1s la implementaci\u00f3n por parte de las empresas de un esquema de servicio complementario para los usuarios que enfrenten problemas econ\u00f3micos bajo el mecanismo de abono postpago, prepago e internet al hogar. El Gobierno nacional anunci\u00f3 este lunes el congelamiento hasta fin de agosto de las tarifas de telefon\u00eda fija, celular, internet [&hellip;]<\/p>\n","protected":false},"author":1,"featured_media":39550,"comment_status":"closed","ping_status":"closed","sticky":false,"template":"","format":"standard","meta":{"footnotes":""},"categories":[11],"tags":[],"class_list":["post-39549","post","type-post","status-publish","format-standard","has-post-thumbnail","hentry","category-sociedad"],"_links":{"self":[{"href":"http:\/\/informateesquina.com\/index.php?rest_route=\/wp\/v2\/posts\/39549","targetHints":{"allow":["GET"]}}],"collection":[{"href":"http:\/\/informateesquina.com\/index.php?rest_route=\/wp\/v2\/posts"}],"about":[{"href":"http:\/\/informateesquina.com\/index.php?rest_route=\/wp\/v2\/types\/post"}],"author":[{"embeddable":true,"href":"http:\/\/informateesquina.com\/index.php?rest_route=\/wp\/v2\/users\/1"}],"replies":[{"embeddable":true,"href":"http:\/\/informateesquina.com\/index.php?rest_route=%2Fwp%2Fv2%2Fcomments&post=39549"}],"version-history":[{"count":0,"href":"http:\/\/informateesquina.com\/index.php?rest_route=\/wp\/v2\/posts\/39549\/revisions"}],"wp:featuredmedia":[{"embeddable":true,"href":"http:\/\/informateesquina.com\/index.php?rest_route=\/"}],"wp:attachment":[{"href":"http:\/\/informateesquina.com\/index.php?rest_route=%2Fwp%2Fv2%2Fmedia&parent=39549"}],"wp:term":[{"taxonomy":"category","embeddable":true,"href":"http:\/\/informateesquina.com\/index.php?rest_route=%2Fwp%2Fv2%2Fcategories&post=39549"},{"taxonomy":"post_tag","embeddable":true,"href":"http:\/\/informateesquina.com\/index.php?rest_route=%2Fwp%2Fv2%2Ftags&post=39549"}],"curies":[{"name":"wp","href":"https:\/\/api.w.org\/{rel}","templated":true}]}}