{"id":39558,"date":"2020-05-19T17:21:11","date_gmt":"2020-05-19T20:21:11","guid":{"rendered":"https:\/\/informateesquina.com\/?p=39558"},"modified":"2020-05-19T17:21:11","modified_gmt":"2020-05-19T20:21:11","slug":"afa-ratifican-a-chiqui-tapia-como-presidente-hasta-2025","status":"publish","type":"post","link":"http:\/\/informateesquina.com\/?p=39558","title":{"rendered":"AFA: ratifican a Chiqui Tapia como presidente hasta 2025"},"content":{"rendered":"<h6 class=\"art-opening\" style=\"text-align: center;\"><em>La lista \u00fanica &#8220;no recibi\u00f3 ninguna presentaci\u00f3n de inadmisibilidad&#8221; y el ex presidente de Barracas Central continuar\u00e1 en el cargo que ocupa desde 2017.<\/em><\/h6>\n<p>La extensi\u00f3n del mandato de\u00a0<strong>Claudio\u00a0<em>Chiqui<\/em>\u00a0Tapia<\/strong>\u00a0en la\u00a0<strong>AFA<\/strong>\u00a0hasta el a\u00f1o 2025 m\u00e1s quedar\u00e1 formalmente ratificada esta tarde, cuando se lleve a cabo de manera remota la\u00a0<strong>Asamblea General Extraordinaria<\/strong>\u00a0de aquella entidad.<\/p>\n<p>La reuni\u00f3n, que ser\u00e1 virtual para respetar el distanciamiento por la pandemia de\u00a0<strong>Coronavirus<\/strong>, comenzar\u00e1 a las 15.<\/p>\n<p>Seg\u00fan marca el punto m\u00e1s importante del orden del d\u00eda, se establecer\u00e1\u00a0<em>\u201cel mandato de las nuevas autoridades electas en la presente Asamblea a partir del mes de Octubre de 2021 (con posterioridad a la realizaci\u00f3n de la Asamblea General Ordinaria de 2021) y hasta Octubre de 2025 (Art. 25, \u00faltimo p\u00e1rrafo del Estatuto)\u201d<\/em>.<\/p>\n<p>La lista \u00fanica encabezada por\u00a0<strong>Tapia<\/strong>\u00a0<em>\u201cno recibi\u00f3 ninguna presentaci\u00f3n de inadmisibilidad\u201d<\/em>\u00a0y por lo tanto el ex presidente de Barracas Central continuar\u00e1 en el cargo que ocupa desde marzo de 2017.<\/p>\n<p>El apodado\u00a0<strong>Chiqui<\/strong>\u00a0estar\u00e1 al frente de una conducci\u00f3n que tendr\u00e1 seis vicepresidentes, todos en el mismo rango.<\/p>\n<p>Ser\u00e1 secundado entonces por\u00a0<strong>Jorge Ameal<\/strong>\u00a0(Boca),\u00a0<strong>Rodolfo D\u2019Onofrio<\/strong>\u00a0(River),\u00a0<strong>Marcelo Tinelli<\/strong>\u00a0(San Lorenzo, futuro l\u00edder de la flamante Liga Profesional de F\u00fatbol),\u00a0<strong>Hugo Moyano<\/strong>\u00a0(Independiente),\u00a0<strong>Marcelo Achile<\/strong>\u00a0(Defensores de Belgrano) y\u00a0<strong>Guillermo Raed<\/strong>\u00a0(Mitre de Santiago del Estero).<\/p>\n<p>En esa direcci\u00f3n, si por alg\u00fan motivo debiera abandonar moment\u00e1neamente sus funciones,\u00a0<strong>Tapia<\/strong>\u00a0proceder\u00e1 a designar a uno de los\u00a0<strong>Vicepresidentes<\/strong>\u00a0para que act\u00fae en su reemplazo durante su ausencia.<\/p>\n<p>Continuando con la l\u00ednea de mando, como secretario general estar\u00e1\u00a0<strong>V\u00edctor Blanco<\/strong>(Racing),\u00a0<strong>Luciano Nakis<\/strong>\u00a0(Armenio) ser\u00e1 prosecretario y\u00a0<strong>Pablo Toviggino<\/strong>\u00a0(Liga santiague\u00f1a de f\u00fatbol) ser\u00e1 el tesorero.<\/p>\n","protected":false},"excerpt":{"rendered":"<p>La lista \u00fanica &#8220;no recibi\u00f3 ninguna presentaci\u00f3n de inadmisibilidad&#8221; y el ex presidente de Barracas Central continuar\u00e1 en el cargo que ocupa desde 2017. La extensi\u00f3n del mandato de\u00a0Claudio\u00a0Chiqui\u00a0Tapia\u00a0en la\u00a0AFA\u00a0hasta el a\u00f1o 2025 m\u00e1s quedar\u00e1 formalmente ratificada esta tarde, cuando se lleve a cabo de manera remota la\u00a0Asamblea General Extraordinaria\u00a0de aquella entidad. La reuni\u00f3n, que [&hellip;]<\/p>\n","protected":false},"author":1,"featured_media":39559,"comment_status":"closed","ping_status":"closed","sticky":false,"template":"","format":"standard","meta":{"footnotes":""},"categories":[3],"tags":[],"class_list":["post-39558","post","type-post","status-publish","format-standard","has-post-thumbnail","hentry","category-deportes"],"_links":{"self":[{"href":"http:\/\/informateesquina.com\/index.php?rest_route=\/wp\/v2\/posts\/39558","targetHints":{"allow":["GET"]}}],"collection":[{"href":"http:\/\/informateesquina.com\/index.php?rest_route=\/wp\/v2\/posts"}],"about":[{"href":"http:\/\/informateesquina.com\/index.php?rest_route=\/wp\/v2\/types\/post"}],"author":[{"embeddable":true,"href":"http:\/\/informateesquina.com\/index.php?rest_route=\/wp\/v2\/users\/1"}],"replies":[{"embeddable":true,"href":"http:\/\/informateesquina.com\/index.php?rest_route=%2Fwp%2Fv2%2Fcomments&post=39558"}],"version-history":[{"count":0,"href":"http:\/\/informateesquina.com\/index.php?rest_route=\/wp\/v2\/posts\/39558\/revisions"}],"wp:featuredmedia":[{"embeddable":true,"href":"http:\/\/informateesquina.com\/index.php?rest_route=\/"}],"wp:attachment":[{"href":"http:\/\/informateesquina.com\/index.php?rest_route=%2Fwp%2Fv2%2Fmedia&parent=39558"}],"wp:term":[{"taxonomy":"category","embeddable":true,"href":"http:\/\/informateesquina.com\/index.php?rest_route=%2Fwp%2Fv2%2Fcategories&post=39558"},{"taxonomy":"post_tag","embeddable":true,"href":"http:\/\/informateesquina.com\/index.php?rest_route=%2Fwp%2Fv2%2Ftags&post=39558"}],"curies":[{"name":"wp","href":"https:\/\/api.w.org\/{rel}","templated":true}]}}