{"id":39561,"date":"2020-05-19T19:45:31","date_gmt":"2020-05-19T22:45:31","guid":{"rendered":"https:\/\/informateesquina.com\/?p=39561"},"modified":"2020-05-19T19:45:31","modified_gmt":"2020-05-19T22:45:31","slug":"maltrato-animal-en-esquina-atacaron-a-machetazo-al-perrito-de-un-abuelo","status":"publish","type":"post","link":"http:\/\/informateesquina.com\/?p=39561","title":{"rendered":"Maltrato animal en Esquina: atacaron a machetazos al perrito de un abuelo"},"content":{"rendered":"<p>&#8220;Casero&#8221; es el fiel compa\u00f1ero de don Germ\u00e1n, un abuelo de 88 a\u00f1os, que vive en Tercera Secci\u00f3n Tranquera Cadena. El viernes alguien atac\u00f3 a machetazos al &#8220;Casero&#8221;,\u00a0 su due\u00f1o lo estaba curando con remedios caseros pero la herida era muy profunda.<\/p>\n<p>&#8220;Le dieron un machetazo en la parte de su costilla izquierda, lo abrieron completamente&#8221;, cont\u00f3 la proteccionista\u00a0 Melina Ram a Informate Esquina.<\/p>\n<p><img loading=\"lazy\" decoding=\"async\" class=\"alignnone size-medium wp-image-39567\" src=\"https:\/\/informateesquina.com\/wp-content\/uploads\/2020\/05\/20d1e389-f33f-4e99-afc8-a1db30a8e757-300x139.jpg\" alt=\"\" width=\"300\" height=\"139\" \/><\/p>\n<p><img loading=\"lazy\" decoding=\"async\" class=\"alignnone size-medium wp-image-39568\" src=\"https:\/\/informateesquina.com\/wp-content\/uploads\/2020\/05\/b22fe5eb-c449-4057-ab02-b2af01c13475-300x139.jpg\" alt=\"\" width=\"300\" height=\"139\" \/><\/p>\n<p><img loading=\"lazy\" decoding=\"async\" class=\"alignnone size-medium wp-image-39570\" src=\"https:\/\/informateesquina.com\/wp-content\/uploads\/2020\/05\/3fbbeb9f-2761-4f2e-b990-45b9c9423f04-225x300.jpg\" alt=\"\" width=\"225\" height=\"300\" \/><\/p>\n<p>Lia Pagglianno fue quien lo vio y le ofreci\u00f3 ayuda.\u00a0Las proteccionistas de la Asociaci\u00f3n Amigos de Animales Abandonados (A.A.A) se sumaron al caso y el domingo pudieron traerlo hasta Esquina para hacerse las curaciones.<\/p>\n<p><span style=\"color: #000000;\"><strong>Don Germ\u00e1n ten\u00eda miedo de que se lo lleven y no se lo devuelvan: &#8220;NO ME LLEVEN A MI \u00daNICO COMPA\u00d1ERO&#8221;<\/strong><\/span>, les dijo angustiado.<\/p>\n<p><img loading=\"lazy\" decoding=\"async\" class=\"alignnone size-medium wp-image-39566\" src=\"https:\/\/informateesquina.com\/wp-content\/uploads\/2020\/05\/b66225db-c0ea-4ed9-9431-64c0d7b506a4-168x300.jpg\" alt=\"\" width=\"168\" height=\"300\" \/><\/p>\n<p>&#8220;\u00c9l le estaba curando con remedios caseros, pero lo convencimos de traerlo para suturar la herida porque el corte era muy profundo. Cuando lo subimos a la camioneta el se\u00f1or nos dice esperen, llevenle una remera as\u00ed siente mi olor. Ese d\u00eda lo tuvimos en Esquina y al otro d\u00eda, a la tarde, ya se lo llev\u00f3 a su hogar&#8221;.<\/p>\n<p>&#8220;El perrito estaba feliz cuando volvi\u00f3 a su hogar, le compramos tambi\u00e9n un collar. Este se\u00f1or vive s\u00f3lo y ahora con la cuarentena no tiene mucho contacto con su familia. Nos pareci\u00f3 muy emotivo lo que es para una persona tener de compa\u00f1ero a un animal&#8221;, se\u00f1al\u00f3 Melina.<\/p>\n<p><img loading=\"lazy\" decoding=\"async\" class=\"alignnone size-medium wp-image-39564\" src=\"https:\/\/informateesquina.com\/wp-content\/uploads\/2020\/05\/98323376_10218864061165123_7329509622182576128_o-201x300.jpg\" alt=\"\" width=\"201\" height=\"300\" \/><\/p>\n<p>&nbsp;<\/p>\n<p>&nbsp;<\/p>\n","protected":false},"excerpt":{"rendered":"<p>&#8220;Casero&#8221; es el fiel compa\u00f1ero de don Germ\u00e1n, un abuelo de 88 a\u00f1os, que vive en Tercera Secci\u00f3n Tranquera Cadena. El viernes alguien atac\u00f3 a machetazos al &#8220;Casero&#8221;,\u00a0 su due\u00f1o lo estaba curando con remedios caseros pero la herida era muy profunda. &#8220;Le dieron un machetazo en la parte de su costilla izquierda, lo abrieron [&hellip;]<\/p>\n","protected":false},"author":1,"featured_media":39570,"comment_status":"closed","ping_status":"closed","sticky":false,"template":"","format":"gallery","meta":{"footnotes":""},"categories":[6,11],"tags":[136],"class_list":["post-39561","post","type-post","status-publish","format-gallery","has-post-thumbnail","hentry","category-locales","category-sociedad","tag-destacados","post_format-post-format-gallery"],"_links":{"self":[{"href":"http:\/\/informateesquina.com\/index.php?rest_route=\/wp\/v2\/posts\/39561","targetHints":{"allow":["GET"]}}],"collection":[{"href":"http:\/\/informateesquina.com\/index.php?rest_route=\/wp\/v2\/posts"}],"about":[{"href":"http:\/\/informateesquina.com\/index.php?rest_route=\/wp\/v2\/types\/post"}],"author":[{"embeddable":true,"href":"http:\/\/informateesquina.com\/index.php?rest_route=\/wp\/v2\/users\/1"}],"replies":[{"embeddable":true,"href":"http:\/\/informateesquina.com\/index.php?rest_route=%2Fwp%2Fv2%2Fcomments&post=39561"}],"version-history":[{"count":0,"href":"http:\/\/informateesquina.com\/index.php?rest_route=\/wp\/v2\/posts\/39561\/revisions"}],"wp:featuredmedia":[{"embeddable":true,"href":"http:\/\/informateesquina.com\/index.php?rest_route=\/"}],"wp:attachment":[{"href":"http:\/\/informateesquina.com\/index.php?rest_route=%2Fwp%2Fv2%2Fmedia&parent=39561"}],"wp:term":[{"taxonomy":"category","embeddable":true,"href":"http:\/\/informateesquina.com\/index.php?rest_route=%2Fwp%2Fv2%2Fcategories&post=39561"},{"taxonomy":"post_tag","embeddable":true,"href":"http:\/\/informateesquina.com\/index.php?rest_route=%2Fwp%2Fv2%2Ftags&post=39561"}],"curies":[{"name":"wp","href":"https:\/\/api.w.org\/{rel}","templated":true}]}}