{"id":39577,"date":"2020-05-19T21:51:12","date_gmt":"2020-05-20T00:51:12","guid":{"rendered":"https:\/\/informateesquina.com\/?p=39577"},"modified":"2020-05-19T21:51:12","modified_gmt":"2020-05-20T00:51:12","slug":"esquina-canta-presenta-una-edicion-especial-por-el-dia-de-santa-rita","status":"publish","type":"post","link":"http:\/\/informateesquina.com\/?p=39577","title":{"rendered":"Esquina Canta presenta una edici\u00f3n especial por el d\u00eda de Santa Rita"},"content":{"rendered":"<p>Javier Herrera del conjunto \u201cSan Martin\u201d habl\u00f3 con comunic\u00e1ndonos Esquina Corrientes sobre el \u00e9xito de \u201cEsquina canta\u201d, el cual sale los jueves por su p\u00e1gina de Facebook y por \u201cEsquina Imagen\u201d.<\/p>\n<p>\u201cCuando empez\u00f3 lo del aislamiento, muchos m\u00fasicos sub\u00edan videos a sus redes y se me ocurri\u00f3 centrar los videos\u00a0 en una determinada franja horaria. Pens\u00e9 en artistas de Esquina, de chamam\u00e9 y despu\u00e9s se fueron sumando todo tipo de g\u00e9neros musicales\u201d, cont\u00f3.<\/p>\n<p>Este jueves es la quinta noche y hasta ahora no se repiti\u00f3 ning\u00fan artista. \u201cNo pens\u00e9 que iba a tomar la dimensi\u00f3n que tom\u00f3\u201d. \u201cLo que m\u00e1s destaco es el grupo que se arm\u00f3 y la solidaridad\u201d, dijo y explic\u00f3 que todos los artistas comparten en sus redes y en el WhatsApp \u00a0que van a estar el jueves y as\u00ed la gente ya sabe. Los que tienen mas escenario incluso se suman a esta iniciativa para colaborar con los otros, menos conocidos.<\/p>\n<p><strong>EDICI\u00d3N ESPECIAL<\/strong><\/p>\n<p>El viernes 22, hay un homenaje especial por el d\u00eda de Santa Rita, a partir de las 21 horas. Se transmitir\u00e1 por el Facebook de \u201cEsquina Canta\u201d y por el de \u201cEsquina Imagen\u201d. Hay 8 grupos confirmados: Agust\u00edn y Adolfo Ram\u00edrez; conjunto San Mart\u00edn, Susana Esquina Montenegro, grupo R\u00edo Paran\u00e1, entre otros.<\/p>\n","protected":false},"excerpt":{"rendered":"<p>Javier Herrera del conjunto \u201cSan Martin\u201d habl\u00f3 con comunic\u00e1ndonos Esquina Corrientes sobre el \u00e9xito de \u201cEsquina canta\u201d, el cual sale los jueves por su p\u00e1gina de Facebook y por \u201cEsquina Imagen\u201d. \u201cCuando empez\u00f3 lo del aislamiento, muchos m\u00fasicos sub\u00edan videos a sus redes y se me ocurri\u00f3 centrar los videos\u00a0 en una determinada franja horaria. [&hellip;]<\/p>\n","protected":false},"author":1,"featured_media":39579,"comment_status":"closed","ping_status":"closed","sticky":false,"template":"","format":"gallery","meta":{"footnotes":""},"categories":[6,11],"tags":[136],"class_list":["post-39577","post","type-post","status-publish","format-gallery","has-post-thumbnail","hentry","category-locales","category-sociedad","tag-destacados","post_format-post-format-gallery"],"_links":{"self":[{"href":"http:\/\/informateesquina.com\/index.php?rest_route=\/wp\/v2\/posts\/39577","targetHints":{"allow":["GET"]}}],"collection":[{"href":"http:\/\/informateesquina.com\/index.php?rest_route=\/wp\/v2\/posts"}],"about":[{"href":"http:\/\/informateesquina.com\/index.php?rest_route=\/wp\/v2\/types\/post"}],"author":[{"embeddable":true,"href":"http:\/\/informateesquina.com\/index.php?rest_route=\/wp\/v2\/users\/1"}],"replies":[{"embeddable":true,"href":"http:\/\/informateesquina.com\/index.php?rest_route=%2Fwp%2Fv2%2Fcomments&post=39577"}],"version-history":[{"count":0,"href":"http:\/\/informateesquina.com\/index.php?rest_route=\/wp\/v2\/posts\/39577\/revisions"}],"wp:featuredmedia":[{"embeddable":true,"href":"http:\/\/informateesquina.com\/index.php?rest_route=\/"}],"wp:attachment":[{"href":"http:\/\/informateesquina.com\/index.php?rest_route=%2Fwp%2Fv2%2Fmedia&parent=39577"}],"wp:term":[{"taxonomy":"category","embeddable":true,"href":"http:\/\/informateesquina.com\/index.php?rest_route=%2Fwp%2Fv2%2Fcategories&post=39577"},{"taxonomy":"post_tag","embeddable":true,"href":"http:\/\/informateesquina.com\/index.php?rest_route=%2Fwp%2Fv2%2Ftags&post=39577"}],"curies":[{"name":"wp","href":"https:\/\/api.w.org\/{rel}","templated":true}]}}