{"id":39581,"date":"2020-05-19T21:56:00","date_gmt":"2020-05-20T00:56:00","guid":{"rendered":"https:\/\/informateesquina.com\/?p=39581"},"modified":"2020-05-19T21:56:00","modified_gmt":"2020-05-20T00:56:00","slug":"analizan-extender-la-cuarentena-obligatoria-hasta-el-8-de-junio","status":"publish","type":"post","link":"http:\/\/informateesquina.com\/?p=39581","title":{"rendered":"Analizan extender la cuarentena obligatoria hasta el 8 de junio"},"content":{"rendered":"<p class=\"copete\">El Presidente aguarda informaci\u00f3n clave de la provincia de Buenos Aires y se reunir\u00e1 con Horacio Rodr\u00edguez Larreta para decidir los niveles de confinamiento en el AMBA, pero lo m\u00e1s probable es que decida mantener la fase 3 en la Capital Federal y el conurbano bonaerense<\/p>\n<div class=\"fotos-y-videos\">\n<ul class=\"nav nav-tabs\" role=\"tablist\">\n<li class=\"active\" role=\"presentation\"><\/li>\n<\/ul>\n<div class=\"tab-content\">\n<div id=\"fotos\" class=\"tab-pane fade in active\" role=\"tabpanel\"><a class=\"fotos-desarrollo unlink\" title=\"Analizan extender la cuarentena obligatoria hasta el 8 de junio\" href=\"https:\/\/www.radiosudamericana.com\/notix\/multimedia\/imagenes\/fotos\/2020-05-19\/704596.jpg\"><img decoding=\"async\" class=\"img-responsive lazyload center-block\" src=\"https:\/\/www.radiosudamericana.com\/notix\/multimedia\/imagenes\/fotos\/2020-05-19\/704596.jpg\" alt=\"foto: Analizan extender la cuarentena obligatoria hasta el 8 de junio\" \/><\/a><\/div>\n<\/div>\n<\/div>\n<p>&nbsp;<\/p>\n<div class=\"cuerpo\">\n<p>Alberto Fern\u00e1ndez considera \u201cprobable\u201d extender la cuarentena obligatoria hasta el 8 de junio,\u00a0y revisar\u00e1 las condiciones en la Capital Federal y el conurbano bonaerense (AMBA) despu\u00e9s de escuchar a Horacio Rodr\u00edguez Larreta y Axel Kicillof en la quinta de Olivos.<\/p>\n<p>Si el Presidente tuviera que decidir en las pr\u00f3ximas horas, no dudar\u00eda en mantener la fase 3 en el AMBA\u00a0y \u201cablandar\u201d a\u00fan m\u00e1s las condiciones del confinamiento en las provincias o municipios que no hayan sufrido una espiral de contagios en las \u00faltimas dos semanas.<\/p>\n<p>Alberto Fern\u00e1ndez tiene intenciones de mantener las salidas recreativas en la Capital Federal y\u00a0est\u00e1 muy preocupado por la situaci\u00f3n en los asentamientos y villas de emergencia radicadas en el conurbano y el distrito porte\u00f1o.\u00a0El jefe de Estado considera esencial hacer foco en esos barrios pobres para mejorar su vida cotidiana y aplacar los efectos devastadores del COVID-19.<\/p>\n<p><a class=\"fotos-desarrollo unlink\" title=\"Analizan extender la cuarentena obligatoria hasta el 8 de junio\" href=\"https:\/\/www.radiosudamericana.com\/notix\/multimedia\/imagenes\/fotos\/2020-05-19\/812566.jpg\"><img decoding=\"async\" class=\"img-responsive\" src=\"https:\/\/www.radiosudamericana.com\/notix\/multimedia\/imagenes\/fotos\/2020-05-19\/812566.jpg\" \/><\/a><\/p>\n<p>La intenci\u00f3n presidencial es multiplicar la asistencia alimenticia y sanitaria y profundizar los sistemas aislamiento y control de los miles de argentinos que viven en los asentamientos urbanos.\u00a0Las cifras que se manejan en Olivos aseguran que la pandemia se hizo fuerte en las villas de emergencia\u00a0y que se trata de un profundo foco de contagio que a\u00fan no alcanz\u00f3 su pico de curva m\u00e1s alto.<\/p>\n<p>Desde una perspectiva pol\u00edtica, Alberto Fern\u00e1ndez trata de mantener sin fisuras la troika institucional que integra con Kicillof y Rodr\u00edguez Larreta.\u00a0El Presidente pretende atenuar las tensiones entre el mandatario provincial y el jefe de gobierno porte\u00f1o para conjugar una nueva etapa de cuarentena obligatoria en fase 3.<\/p>\n<p>Alberto Fern\u00e1ndez necesita la armon\u00eda pol\u00edtica entre Kicillof y Rodriguez Larreta ante el avance del COVID19 en los asentamientos y\u00a0la imposibilidad de mantener con firmeza la cuarentena en el AMBA si no existe una di\u00e1logo constante entre sus principales representantes p\u00fablicos.<\/p>\n<p><a class=\"fotos-desarrollo unlink\" title=\"Analizan extender la cuarentena obligatoria hasta el 8 de junio\" href=\"https:\/\/www.radiosudamericana.com\/notix\/multimedia\/imagenes\/fotos\/2020-05-19\/551040.jpg\"><img decoding=\"async\" class=\"img-responsive\" src=\"https:\/\/www.radiosudamericana.com\/notix\/multimedia\/imagenes\/fotos\/2020-05-19\/551040.jpg\" \/><\/a><\/p>\n<p>El jefe de Estado asume que los intendentes m\u00e1s cercanos a Cristina Fern\u00e1ndez de Kirchner hacen guerra de guerrilla contra Rodr\u00edguez Larreta y ya exigi\u00f3 una\u00a0pax sine die\u00a0para evitar que el coronavirus haga su peor faena.\u00a0Alberto Fern\u00e1ndez argumenta que no es \u201cmomento de internas\u201d ante un virus que no distingue entre peronistas y opositores.<\/p>\n<p>El Presidente se reunir\u00e1 con Rodriguez Larreta -jueves a la tarde- y escuchar\u00e1 a Kicillof antes de preparar una nueva extensi\u00f3n de la cuarentena obligatoria.\u00a0Con esa informaci\u00f3n de la Capital Federal y la provincia de Buenos Aires citar\u00e1 a su comit\u00e9 de expertos para analizar las caracter\u00edsticas de la futura etapa de confinamiento nacional.<\/p>\n<p>Concluido este ciclo de consultas pol\u00edticas y t\u00e9cnicas, Alberto Fern\u00e1ndez convocar\u00e1 a su jefe de Gabinete, Santiago Cafiero, y a su ministro de Salud, Gin\u00e9s Gonz\u00e1lez Garc\u00eda,\u00a0para resolver la extensi\u00f3n temporal de la cuarentena y sus condiciones vinculadas al comercio, la industria y el esparcimiento.<\/p>\n<p>Alberto Fern\u00e1ndez considera \u201cprobable\u201d extender la cuarentena hasta el 8 de junio,manteniendo por ahora las actuales caracter\u00edsticas en el AMBA y analizando los nuevos casos particulares que podr\u00edan llegar desde el interior del pa\u00eds.<\/p>\n<p>Si el Presidente decide ejecutar cambios estructurales en el confinamiento, ocurrir\u00e1n despu\u00e9s de sus encuentros o conversaciones telef\u00f3nicas con Rodr\u00edguez Larreta y Kicillof.\u00a0Alberto Fern\u00e1ndez ya sabe de la saturaci\u00f3n social causada por la cuarentena, pero a\u00fan privilegia la salud p\u00fablica por encima de la econom\u00eda y sus niveles de imagen positiva en los sondeos de opini\u00f3n.<\/p>\n<p>El jefe de Estado repetir\u00eda su exposici\u00f3n sobre la evoluci\u00f3n de la pandemia -ser\u00eda el s\u00e1bado- y luego aceptar\u00eda preguntas de los periodistas convocados a la quinta de Olivos.\u00a0No se descarta que a su lado se sienten Kicillof y Rodriguez Larreta, sus dos socios claves frente al avance constante del COVID19 en la Ciudad de Buenos Aires y el conurbano bonaerense.<\/p>\n<\/div>\n","protected":false},"excerpt":{"rendered":"<p>El Presidente aguarda informaci\u00f3n clave de la provincia de Buenos Aires y se reunir\u00e1 con Horacio Rodr\u00edguez Larreta para decidir los niveles de confinamiento en el AMBA, pero lo m\u00e1s probable es que decida mantener la fase 3 en la Capital Federal y el conurbano bonaerense &nbsp; Alberto Fern\u00e1ndez considera \u201cprobable\u201d extender la cuarentena obligatoria [&hellip;]<\/p>\n","protected":false},"author":1,"featured_media":39582,"comment_status":"closed","ping_status":"closed","sticky":false,"template":"","format":"standard","meta":{"footnotes":""},"categories":[7],"tags":[136],"class_list":["post-39581","post","type-post","status-publish","format-standard","has-post-thumbnail","hentry","category-nacionales","tag-destacados"],"_links":{"self":[{"href":"http:\/\/informateesquina.com\/index.php?rest_route=\/wp\/v2\/posts\/39581","targetHints":{"allow":["GET"]}}],"collection":[{"href":"http:\/\/informateesquina.com\/index.php?rest_route=\/wp\/v2\/posts"}],"about":[{"href":"http:\/\/informateesquina.com\/index.php?rest_route=\/wp\/v2\/types\/post"}],"author":[{"embeddable":true,"href":"http:\/\/informateesquina.com\/index.php?rest_route=\/wp\/v2\/users\/1"}],"replies":[{"embeddable":true,"href":"http:\/\/informateesquina.com\/index.php?rest_route=%2Fwp%2Fv2%2Fcomments&post=39581"}],"version-history":[{"count":0,"href":"http:\/\/informateesquina.com\/index.php?rest_route=\/wp\/v2\/posts\/39581\/revisions"}],"wp:featuredmedia":[{"embeddable":true,"href":"http:\/\/informateesquina.com\/index.php?rest_route=\/"}],"wp:attachment":[{"href":"http:\/\/informateesquina.com\/index.php?rest_route=%2Fwp%2Fv2%2Fmedia&parent=39581"}],"wp:term":[{"taxonomy":"category","embeddable":true,"href":"http:\/\/informateesquina.com\/index.php?rest_route=%2Fwp%2Fv2%2Fcategories&post=39581"},{"taxonomy":"post_tag","embeddable":true,"href":"http:\/\/informateesquina.com\/index.php?rest_route=%2Fwp%2Fv2%2Ftags&post=39581"}],"curies":[{"name":"wp","href":"https:\/\/api.w.org\/{rel}","templated":true}]}}