{"id":39588,"date":"2020-05-20T12:07:24","date_gmt":"2020-05-20T15:07:24","guid":{"rendered":"https:\/\/informateesquina.com\/?p=39588"},"modified":"2020-05-20T12:07:24","modified_gmt":"2020-05-20T15:07:24","slug":"corrientes-a-que-precio-se-debe-vender-el-paquete-de-cigarrillos","status":"publish","type":"post","link":"http:\/\/informateesquina.com\/?p=39588","title":{"rendered":"Corrientes: A qu\u00e9 precio se debe vender el paquete de cigarrillos"},"content":{"rendered":"<div class=\"col-md-12\">\n<h1><span style=\"color: #666666; font-family: Roboto, sans-serif; font-size: 15px;\">El encargado deMde Particulares en Corrientes, Miguel Rol\u00f3n,c que la provisi\u00f3n de cigarrillos llega diariamente pero no alcanza para suministrar a los comercios. Dio a conocer la lista de precios <\/span><strong style=\"color: #666666; font-family: Roboto, sans-serif; font-size: 15px;\">sugeridos<\/strong><span style=\"color: #666666; font-family: Roboto, sans-serif; font-size: 15px;\">\u00a0a la que se deben comercializar los paquetes para el p\u00fablico, la que difiere de lo que actualmente cobran muchos comerciantes.<\/span><\/h1>\n<div class=\"image_review_wrapper\">\n<div class=\"swiper-container swiper-container-horizontal swiper-container-android\">\n<div class=\"swiper-wrapper\">\n<div class=\"swiper-slide swiper-slide-active\"><a href=\"https:\/\/radiosudamericana.com\/notix\/multimedia\/imagenes\/fotos\/2020-05-20\/196519.jpg\"><img decoding=\"async\" class=\"img-responsive\" src=\"https:\/\/radiosudamericana.com\/notix\/multimedia\/imagenes\/fotos\/2020-05-20\/196519.jpg\" alt=\"Responsive image\" \/><\/a><\/div>\n<div class=\"swiper-slide swiper-slide-next\"><\/div>\n<div class=\"swiper-slide\"><\/div>\n<div class=\"swiper-slide\"><a href=\"https:\/\/radiosudamericana.com\/notix\/multimedia\/imagenes\/fotos\/2020-05-20\/895831.jpg\"><img decoding=\"async\" class=\"img-responsive\" src=\"https:\/\/radiosudamericana.com\/notix\/multimedia\/imagenes\/fotos\/2020-05-20\/895831.jpg\" alt=\"Responsive image\" \/><\/a><\/div>\n<div class=\"swiper-slide\"><a href=\"https:\/\/radiosudamericana.com\/notix\/multimedia\/imagenes\/fotos\/2020-05-20\/402287.jpg\"><img decoding=\"async\" class=\"img-responsive\" src=\"https:\/\/radiosudamericana.com\/notix\/multimedia\/imagenes\/fotos\/2020-05-20\/402287.jpg\" alt=\"Responsive image\" \/><\/a><\/div>\n<\/div>\n<\/div>\n<\/div>\n<ul id=\"social_nota3\">\n<li><\/li>\n<\/ul>\n<\/div>\n<p>En la distribuidora de las marcas de la tabacalera Massalin Particulares comentaron a Sudamericana que empezaron a recibir desde el viernes la provisi\u00f3n de paquetes, despu\u00e9s de que se permitiera la apertura para producci\u00f3n. Rol\u00f3n coment\u00f3 que \u201cno alcanza porque a medida que llega, dura dos horas y los comerciantes quieren de nuevo porque venden todos y para el otro d\u00eda tenemos que hacer otra zona pero no alcanza\u201d.<\/p>\n<p><img decoding=\"async\" class=\"img-responsive\" src=\"https:\/\/radiosudamericana.com\/notix\/multimedia\/imagenes\/fotos\/2020-05-20\/457713.jpg\" \/><\/p>\n<p>Antes de la pandemia, record\u00f3 que por mes recib\u00edan un volumen de 600 mil paquetes de 20 cigarrillos pero cuando se cort\u00f3, estuvieron una semana sin stock, lo que llev\u00f3 a que todos queden igual. En la f\u00e1brica comenzaron a producir desde el lunes pasado y comenz\u00f3 la distribuci\u00f3n primero en Buenos Aires, en C\u00f3rdoba y Santa Fe y luego al resto del pa\u00eds.<\/p>\n<p><img decoding=\"async\" class=\"img-responsive\" src=\"https:\/\/radiosudamericana.com\/notix\/multimedia\/imagenes\/fotos\/2020-05-20\/855706.jpg\" \/><\/p>\n<p>Respecto de los valores sugeridos para venta al p\u00fablico, que se pueden apreciar en las siguientes planillas, el m\u00e1s barato parte en los 99 pesos, mientras que las marcas m\u00e1s costosas superan los 160 pesos.<\/p>\n","protected":false},"excerpt":{"rendered":"<p>El encargado deMde Particulares en Corrientes, Miguel Rol\u00f3n,c que la provisi\u00f3n de cigarrillos llega diariamente pero no alcanza para suministrar a los comercios. Dio a conocer la lista de precios sugeridos\u00a0a la que se deben comercializar los paquetes para el p\u00fablico, la que difiere de lo que actualmente cobran muchos comerciantes. En la distribuidora de [&hellip;]<\/p>\n","protected":false},"author":1,"featured_media":39589,"comment_status":"closed","ping_status":"closed","sticky":false,"template":"","format":"standard","meta":{"footnotes":""},"categories":[10,11],"tags":[136],"class_list":["post-39588","post","type-post","status-publish","format-standard","has-post-thumbnail","hentry","category-provinciales","category-sociedad","tag-destacados"],"_links":{"self":[{"href":"http:\/\/informateesquina.com\/index.php?rest_route=\/wp\/v2\/posts\/39588","targetHints":{"allow":["GET"]}}],"collection":[{"href":"http:\/\/informateesquina.com\/index.php?rest_route=\/wp\/v2\/posts"}],"about":[{"href":"http:\/\/informateesquina.com\/index.php?rest_route=\/wp\/v2\/types\/post"}],"author":[{"embeddable":true,"href":"http:\/\/informateesquina.com\/index.php?rest_route=\/wp\/v2\/users\/1"}],"replies":[{"embeddable":true,"href":"http:\/\/informateesquina.com\/index.php?rest_route=%2Fwp%2Fv2%2Fcomments&post=39588"}],"version-history":[{"count":0,"href":"http:\/\/informateesquina.com\/index.php?rest_route=\/wp\/v2\/posts\/39588\/revisions"}],"wp:featuredmedia":[{"embeddable":true,"href":"http:\/\/informateesquina.com\/index.php?rest_route=\/"}],"wp:attachment":[{"href":"http:\/\/informateesquina.com\/index.php?rest_route=%2Fwp%2Fv2%2Fmedia&parent=39588"}],"wp:term":[{"taxonomy":"category","embeddable":true,"href":"http:\/\/informateesquina.com\/index.php?rest_route=%2Fwp%2Fv2%2Fcategories&post=39588"},{"taxonomy":"post_tag","embeddable":true,"href":"http:\/\/informateesquina.com\/index.php?rest_route=%2Fwp%2Fv2%2Ftags&post=39588"}],"curies":[{"name":"wp","href":"https:\/\/api.w.org\/{rel}","templated":true}]}}