{"id":39591,"date":"2020-05-20T13:12:09","date_gmt":"2020-05-20T16:12:09","guid":{"rendered":"https:\/\/informateesquina.com\/?p=39591"},"modified":"2020-05-20T13:12:09","modified_gmt":"2020-05-20T16:12:09","slug":"esquina-ladrones-se-llevaron-mas-de-30-celulares","status":"publish","type":"post","link":"http:\/\/informateesquina.com\/?p=39591","title":{"rendered":"Esquina: Ladrones se llevaron m\u00e1s de 30 celulares"},"content":{"rendered":"<p>En medio delde la cuarentena obligatoria siguen los robos en Esquina. En la madrugada delddel mi\u00e9rcoles los delincuentes ingresaron a un local de telefon\u00eda celular ubicado por Avenida Juan Ram\u00f3n Vidal y Noain Ortigoza.<\/p>\n<p><img loading=\"lazy\" decoding=\"async\" class=\"alignnone size-medium wp-image-39593\" src=\"https:\/\/informateesquina.com\/wp-content\/uploads\/2020\/05\/99011093_3274966459180780_4029715420083650560_o-225x300.jpg\" alt=\"\" width=\"225\" height=\"300\" \/><\/p>\n<p><img loading=\"lazy\" decoding=\"async\" class=\"alignnone size-medium wp-image-39594\" src=\"https:\/\/informateesquina.com\/wp-content\/uploads\/2020\/05\/98365032_3274966715847421_4896480300483215360_o-300x225.jpg\" alt=\"\" width=\"300\" height=\"225\" \/><\/p>\n<p>Los ladrones rompieron la reja de entrada y as\u00ed se metieron al local. Se llevaron m\u00e1s de 30 tel\u00e9fonos celulares y una televisi\u00f3n de 32 pulgadas.<br \/>\nTrabaja en el caso la Comisar\u00eda Segunda.<br \/>\nPH: Sociales y noticias Esquina<\/p>\n","protected":false},"excerpt":{"rendered":"<p>En medio delde la cuarentena obligatoria siguen los robos en Esquina. En la madrugada delddel mi\u00e9rcoles los delincuentes ingresaron a un local de telefon\u00eda celular ubicado por Avenida Juan Ram\u00f3n Vidal y Noain Ortigoza. Los ladrones rompieron la reja de entrada y as\u00ed se metieron al local. Se llevaron m\u00e1s de 30 tel\u00e9fonos celulares y [&hellip;]<\/p>\n","protected":false},"author":1,"featured_media":39592,"comment_status":"closed","ping_status":"closed","sticky":false,"template":"","format":"gallery","meta":{"footnotes":""},"categories":[6,8],"tags":[136],"class_list":["post-39591","post","type-post","status-publish","format-gallery","has-post-thumbnail","hentry","category-locales","category-policiales","tag-destacados","post_format-post-format-gallery"],"_links":{"self":[{"href":"http:\/\/informateesquina.com\/index.php?rest_route=\/wp\/v2\/posts\/39591","targetHints":{"allow":["GET"]}}],"collection":[{"href":"http:\/\/informateesquina.com\/index.php?rest_route=\/wp\/v2\/posts"}],"about":[{"href":"http:\/\/informateesquina.com\/index.php?rest_route=\/wp\/v2\/types\/post"}],"author":[{"embeddable":true,"href":"http:\/\/informateesquina.com\/index.php?rest_route=\/wp\/v2\/users\/1"}],"replies":[{"embeddable":true,"href":"http:\/\/informateesquina.com\/index.php?rest_route=%2Fwp%2Fv2%2Fcomments&post=39591"}],"version-history":[{"count":0,"href":"http:\/\/informateesquina.com\/index.php?rest_route=\/wp\/v2\/posts\/39591\/revisions"}],"wp:featuredmedia":[{"embeddable":true,"href":"http:\/\/informateesquina.com\/index.php?rest_route=\/"}],"wp:attachment":[{"href":"http:\/\/informateesquina.com\/index.php?rest_route=%2Fwp%2Fv2%2Fmedia&parent=39591"}],"wp:term":[{"taxonomy":"category","embeddable":true,"href":"http:\/\/informateesquina.com\/index.php?rest_route=%2Fwp%2Fv2%2Fcategories&post=39591"},{"taxonomy":"post_tag","embeddable":true,"href":"http:\/\/informateesquina.com\/index.php?rest_route=%2Fwp%2Fv2%2Ftags&post=39591"}],"curies":[{"name":"wp","href":"https:\/\/api.w.org\/{rel}","templated":true}]}}