{"id":39600,"date":"2020-05-20T16:59:57","date_gmt":"2020-05-20T19:59:57","guid":{"rendered":"https:\/\/informateesquina.com\/?p=39600"},"modified":"2020-05-20T16:59:57","modified_gmt":"2020-05-20T19:59:57","slug":"argentino-masacro-a-punaladas-a-su-papa-en-espana","status":"publish","type":"post","link":"http:\/\/informateesquina.com\/?p=39600","title":{"rendered":"Argentino masacr\u00f3 a pu\u00f1aladas a su pap\u00e1 en Espa\u00f1a"},"content":{"rendered":"<div class=\"title-top\">\n<div class=\"inner-container\">\n<h6 class=\"title-font font-700\">Cuando la polic\u00eda madrile\u00f1a pudo convencer al sujeto de que abriera la puerta, encontr\u00f3 el cuerpo sin vida, con varias heridas de arma blanca.<\/h6>\n<\/div>\n<\/div>\n<div class=\"inner-container clearfix\">\n<div class=\"nota-body-container nota-970\">\n<div class=\"nota-media-container\">\n<figure class=\"swiper-container swiper-principal swiper-container-horizontal\" data-notafotogaleria=\"1\" data-notafotogaleriathumbnails=\"si\" data-notafotogaleriafullscreen=\"si\">\n<div class=\"swiper-wrapper\">\n<div class=\"swiper-wrapper\">\n<div class=\"swiper-slide swiper-slide-active\"><img loading=\"lazy\" decoding=\"async\" src=\"https:\/\/www.cronica.com.ar\/__export\/1589976276840\/sites\/cronica\/img\/2020\/05\/20\/espaxa_crop1589976169550.jpg_1734428432.jpg\" alt=\"Conmoci\u00f3n en Madrid (Twitter).\" width=\"970\" height=\"546\" data-width=\"970\" data-height=\"546\" data-thumbnail=\"\/__export\/1589976276840\/sites\/cronica\/img\/2020\/05\/20\/espaxa_crop1589976169550.jpg_1674195933.jpg\" data-thumbnailwdith=\"160\" data-thumbnailheight=\"100\" \/><\/div>\n<\/div>\n<\/div><figcaption class=\"title-font\"><\/figcaption><\/figure>\n<\/div>\n<div class=\"main-content clearfix\">\n<section>\n<div class=\"entry-body text-font\">\n<p>Una terrible situaci\u00f3n se vivi\u00f3\u00a0en la ciudad espa\u00f1ola de\u00a0Madrid, donde una mujer de 80 a\u00f1os llam\u00f3 a la\u00a0Polic\u00eda\u00a0porque su hijo no la dejaba entrar a su casa, y dijo que tem\u00eda por la salud de su marido. Cuando los oficiales llegaron al domicilio, el sujeto les asegur\u00f3 que su padre no estaba en el lugar pero al revisar el lugar encontraron el cad\u00e1ver del hombre anciano.<\/p>\n<p>El hecho tuvo lugar el lunes por la ma\u00f1ana y en el momento de acudir hasta el sitio,\u00a0los efectivos de la Guardia Civil notaron que el sujeto, de 43 a\u00f1os, estaba muy nervioso y que en su relato hab\u00eda algunas contradicciones. Cuando pudieron convencerlo de que abriera la puerta, encontraron el cuerpo de su padre sin vida, con varias heridas de arma blanca.<\/p>\n<section class=\"related-entrys-container\">\n<div class=\"extra-container\">\n<div class=\"extra-holder\">\n<div class=\"small-entry flex-container align-start\">\n<div class=\"entry-data\">\n<p class=\"title-font font-700\">El Grupo de Homicidios investiga cu\u00e1l fue el motivo del homicidio y del ensa\u00f1amiento, ya que el cad\u00e1ver ten\u00eda m\u00e1s de una decena de pu\u00f1aladas.<\/p>\n<\/div>\n<\/div>\n<\/div>\n<\/div>\n<\/section>\n<p>Una de las hip\u00f3tesis que manejan los investigadores es que el supuesto parricida haya tenido un brote psic\u00f3tico, ya que padece un trastorno mental por el tomaba medicaci\u00f3n, y en marzo hab\u00eda agredido a su madre. Tambi\u00e9n intentan determinar si, actualmente, estaba consumiendo drogas ya que tienen antecedentes penales por tenencia y por violencia de g\u00e9nero.<\/p>\n<\/div>\n<\/section>\n<\/div>\n<\/div>\n<\/div>\n","protected":false},"excerpt":{"rendered":"<p>Cuando la polic\u00eda madrile\u00f1a pudo convencer al sujeto de que abriera la puerta, encontr\u00f3 el cuerpo sin vida, con varias heridas de arma blanca. Una terrible situaci\u00f3n se vivi\u00f3\u00a0en la ciudad espa\u00f1ola de\u00a0Madrid, donde una mujer de 80 a\u00f1os llam\u00f3 a la\u00a0Polic\u00eda\u00a0porque su hijo no la dejaba entrar a su casa, y dijo que tem\u00eda [&hellip;]<\/p>\n","protected":false},"author":1,"featured_media":39601,"comment_status":"closed","ping_status":"closed","sticky":false,"template":"","format":"standard","meta":{"footnotes":""},"categories":[8],"tags":[],"class_list":["post-39600","post","type-post","status-publish","format-standard","has-post-thumbnail","hentry","category-policiales"],"_links":{"self":[{"href":"http:\/\/informateesquina.com\/index.php?rest_route=\/wp\/v2\/posts\/39600","targetHints":{"allow":["GET"]}}],"collection":[{"href":"http:\/\/informateesquina.com\/index.php?rest_route=\/wp\/v2\/posts"}],"about":[{"href":"http:\/\/informateesquina.com\/index.php?rest_route=\/wp\/v2\/types\/post"}],"author":[{"embeddable":true,"href":"http:\/\/informateesquina.com\/index.php?rest_route=\/wp\/v2\/users\/1"}],"replies":[{"embeddable":true,"href":"http:\/\/informateesquina.com\/index.php?rest_route=%2Fwp%2Fv2%2Fcomments&post=39600"}],"version-history":[{"count":0,"href":"http:\/\/informateesquina.com\/index.php?rest_route=\/wp\/v2\/posts\/39600\/revisions"}],"wp:featuredmedia":[{"embeddable":true,"href":"http:\/\/informateesquina.com\/index.php?rest_route=\/"}],"wp:attachment":[{"href":"http:\/\/informateesquina.com\/index.php?rest_route=%2Fwp%2Fv2%2Fmedia&parent=39600"}],"wp:term":[{"taxonomy":"category","embeddable":true,"href":"http:\/\/informateesquina.com\/index.php?rest_route=%2Fwp%2Fv2%2Fcategories&post=39600"},{"taxonomy":"post_tag","embeddable":true,"href":"http:\/\/informateesquina.com\/index.php?rest_route=%2Fwp%2Fv2%2Ftags&post=39600"}],"curies":[{"name":"wp","href":"https:\/\/api.w.org\/{rel}","templated":true}]}}