{"id":39603,"date":"2020-05-20T17:01:19","date_gmt":"2020-05-20T20:01:19","guid":{"rendered":"https:\/\/informateesquina.com\/?p=39603"},"modified":"2020-05-20T17:01:19","modified_gmt":"2020-05-20T20:01:19","slug":"chile-nuevo-record-de-muertos-y-se-extiende-el-aislamiento","status":"publish","type":"post","link":"http:\/\/informateesquina.com\/?p=39603","title":{"rendered":"Chile: Nuevo r\u00e9cord de muertos y se extiende el aislamiento"},"content":{"rendered":"<p class=\"copete\">La cuarentena se prolonga tanto en las 32 comunas como en otros 6 sectores de la zona metropolitana. El covid-19 ya dej\u00f3 un\u00a0total de 53.617 infectados y 544 decesos en un pa\u00eds con menos de 20 millones de habitantes.<\/p>\n<div class=\"fotos-y-videos\">\n<p>&nbsp;<\/p>\n<div class=\"tab-content\">\n<div id=\"fotos\" class=\"tab-pane fade in active\" role=\"tabpanel\"><a class=\"fotos-desarrollo unlink\" title=\"Chile: Nuevo r\u00e9cord de muertos y se extiende el aislamiento \" href=\"https:\/\/www.radiosudamericana.com\/notix\/multimedia\/imagenes\/fotos\/2020-05-20\/926542.jpg\"><img decoding=\"async\" class=\"img-responsive lazyload center-block\" src=\"https:\/\/www.radiosudamericana.com\/notix\/multimedia\/imagenes\/fotos\/2020-05-20\/926542.jpg\" alt=\"foto: Chile: Nuevo r\u00e9cord de muertos y se extiende el aislamiento \" \/><\/a><\/div>\n<\/div>\n<\/div>\n<p>&nbsp;<\/p>\n<div class=\"cuerpo\">\n<p>El gobierno chileno inform\u00f3 este mi\u00e9rcoles\u00a0que registr\u00f3 35 muertes y 4.038 casos nuevos de contagio por coronavirus\u00a0(orthocoronavirinae) en las \u00faltimas 24 horas, ambas cifras r\u00e9cord, y anunci\u00f3 la pr\u00f3rroga de la cuarentena total en la Regi\u00f3n Metropolitana como parte de las medidas para atacar la crisis sanitaria, que ya dej\u00f3 53.617 infectados y 544 decesos en un pa\u00eds que no alcanza los 20 millones de habitantes.<\/p>\n<p>El ministro de salud,\u00a0Jaime Ma\u00f1alich, detall\u00f3 en conferencia de prensa desde el Palacio de La Moneda que debido a este incremento en casos y fallecidos diarios, se renueva la cuarentena total en las 32 comunas (barrios) y otros seis sectores aleda\u00f1os de la Regi\u00f3n Metropolitana hasta el viernes 29 de mayo a las 22.<\/p>\n<p>Tambi\u00e9n ratific\u00f3 la medida de aislamiento hasta el 29 de mayo para las ciudades de Iquique y Alto Hospicio (Regi\u00f3n de Tarapac\u00e1) y las localidades de Antofagasta y Mejillones (Regi\u00f3n de Antofagasta) y que se suma a la medida la ciudad de Lonquimay en la Regi\u00f3n de La Araucan\u00eda.<\/p>\n<p>La subsecretaria de Salud,\u00a0Paula Daza, inform\u00f3 que\u00a0&#8220;se notificaron 35 personas fallecidas, lo que suma un total de 544 asociadas al coronavirus, la mayor\u00eda de ellas con antecedentes de enfermedades cr\u00f3nicas, hipertensi\u00f3n, diabetes y principalmente enfermedades cardiovasculares&#8221;.<\/p>\n<p>Daza notific\u00f3 que se contabilizaron 4.038 casos nuevos, de los cuales 3.647 presentaron s\u00edntomas y 391 fueron asintom\u00e1ticos, para un total de 53.617 infectados.<\/p>\n<p>&#8220;M\u00e1s de un 85% siguen correspondiendo a la Regi\u00f3n Metropolitana&#8221;, explic\u00f3 la funcionaria.<\/p>\n<p>Por su parte, el subsecretario de Redes Asistenciales,\u00a0Arturo Z\u00fa\u00f1iga, inform\u00f3 que hab\u00eda 904 personas hospitalizadas, de las cuales 758 est\u00e1n conectadas a ventilaci\u00f3n mec\u00e1nica con 143 que est\u00e1n en condici\u00f3n cr\u00edtica.<\/p>\n<p>El ministro inform\u00f3 adem\u00e1s que desde esta jornada\u00a0a las 18 y durante todo el fin de semana se establecer\u00e1 un cord\u00f3n sanitario\u00a0&#8220;muy estricto&#8221;\u00a0en la Regi\u00f3n Metropolitana, el Gran Concepci\u00f3n y la ciudad de Temuco con el fin de\u00a0&#8220;no permitir el paso, en ning\u00fan sentido, durante este fin de semana largo de personas que buscan alejarse, salir de estos n\u00facleos urbanos y con ellos aumentar el riesgo de infecci\u00f3n a las localidades que concurran&#8221;.<\/p>\n<p>La creciente crisis sanitaria impuls\u00f3 protestas callejeras y el Ministerio del Interior anunci\u00f3 la presentaci\u00f3n de querellas contra 15 personas involucradas en una manifestaci\u00f3n ocurrida en la comuna (barrio) capitalina de El Bosque, que exig\u00edan mayor atenci\u00f3n del gobierno en medio de la crisis sanitaria.<\/p>\n<p>Juan Francisco Galli, subsecretario del Interior, afirm\u00f3 en una entrevista con CNN\u00a0Chile\u00a0que presentaron querellas contra 10 personas por saqueos a una distribuidora de gas y otras dos contra personas por llevar elementos explosivos, ya que\u00a0&#8220;portaban 12 botellas adaptadas para la fabricaci\u00f3n de bombas molotov&#8221;.<\/p>\n<p>Este resurgimiento de la protesta social se produce en medio de la cuarentena total que rige en el Gran Santiago, iniciado el pasado viernes, ante el incremento de los casos diarios de contagiados y de fallecidos por coronavirus en la Regi\u00f3n Metropolitana.<\/p>\n<\/div>\n","protected":false},"excerpt":{"rendered":"<p>La cuarentena se prolonga tanto en las 32 comunas como en otros 6 sectores de la zona metropolitana. El covid-19 ya dej\u00f3 un\u00a0total de 53.617 infectados y 544 decesos en un pa\u00eds con menos de 20 millones de habitantes. &nbsp; &nbsp; El gobierno chileno inform\u00f3 este mi\u00e9rcoles\u00a0que registr\u00f3 35 muertes y 4.038 casos nuevos de [&hellip;]<\/p>\n","protected":false},"author":1,"featured_media":39604,"comment_status":"closed","ping_status":"closed","sticky":false,"template":"","format":"standard","meta":{"footnotes":""},"categories":[11],"tags":[],"class_list":["post-39603","post","type-post","status-publish","format-standard","has-post-thumbnail","hentry","category-sociedad"],"_links":{"self":[{"href":"http:\/\/informateesquina.com\/index.php?rest_route=\/wp\/v2\/posts\/39603","targetHints":{"allow":["GET"]}}],"collection":[{"href":"http:\/\/informateesquina.com\/index.php?rest_route=\/wp\/v2\/posts"}],"about":[{"href":"http:\/\/informateesquina.com\/index.php?rest_route=\/wp\/v2\/types\/post"}],"author":[{"embeddable":true,"href":"http:\/\/informateesquina.com\/index.php?rest_route=\/wp\/v2\/users\/1"}],"replies":[{"embeddable":true,"href":"http:\/\/informateesquina.com\/index.php?rest_route=%2Fwp%2Fv2%2Fcomments&post=39603"}],"version-history":[{"count":0,"href":"http:\/\/informateesquina.com\/index.php?rest_route=\/wp\/v2\/posts\/39603\/revisions"}],"wp:featuredmedia":[{"embeddable":true,"href":"http:\/\/informateesquina.com\/index.php?rest_route=\/"}],"wp:attachment":[{"href":"http:\/\/informateesquina.com\/index.php?rest_route=%2Fwp%2Fv2%2Fmedia&parent=39603"}],"wp:term":[{"taxonomy":"category","embeddable":true,"href":"http:\/\/informateesquina.com\/index.php?rest_route=%2Fwp%2Fv2%2Fcategories&post=39603"},{"taxonomy":"post_tag","embeddable":true,"href":"http:\/\/informateesquina.com\/index.php?rest_route=%2Fwp%2Fv2%2Ftags&post=39603"}],"curies":[{"name":"wp","href":"https:\/\/api.w.org\/{rel}","templated":true}]}}