{"id":39609,"date":"2020-05-20T17:38:59","date_gmt":"2020-05-20T20:38:59","guid":{"rendered":"https:\/\/informateesquina.com\/?p=39609"},"modified":"2020-05-20T17:38:59","modified_gmt":"2020-05-20T20:38:59","slug":"anses-cuando-comienza-la-segunda-ronda-de-pago-del-ife","status":"publish","type":"post","link":"http:\/\/informateesquina.com\/?p=39609","title":{"rendered":"Anses: cu\u00e1ndo comienza la segunda ronda de pago del IFE"},"content":{"rendered":"<p class=\"copete\">Se abonar\u00eda en el mes de junio una vez que la primera etapa de cobro llegue a su fin.<\/p>\n<div class=\"fotos-y-videos\">\n<p>&nbsp;<\/p>\n<div class=\"tab-content\">\n<div id=\"fotos\" class=\"tab-pane fade in active\" role=\"tabpanel\"><a class=\"fotos-desarrollo unlink\" title=\"Anses: cu\u00e1ndo comienza la segunda ronda de pago del IFE\" href=\"https:\/\/www.radiosudamericana.com\/notix\/multimedia\/imagenes\/fotos\/2020-05-20\/262926.jpg\"><img decoding=\"async\" class=\"img-responsive lazyload center-block\" src=\"https:\/\/www.radiosudamericana.com\/notix\/multimedia\/imagenes\/fotos\/2020-05-20\/262926.jpg\" alt=\"foto: Anses: cu\u00e1ndo comienza la segunda ronda de pago del IFE\" \/><\/a><\/div>\n<\/div>\n<\/div>\n<p>&nbsp;<\/p>\n<div class=\"cuerpo\">\n<p>La segunda ronda del\u00a0Ingreso Familiar de Emergencia (IFE)\u00a0comenzar\u00e1 cuando termine la primera ronda de pago. De esta manera, se abonar\u00eda en el mes de junio. No obstante,\u00a0a\u00fan queda por definir c\u00f3mo ser\u00e1 el cronograma.<\/p>\n<p>\u201cEstamos terminando de trabajar en una propuesta para pagar por segunda vez el IFE, con cronograma que sea seguro, vamos por la mitad del primer que ya cobraron 4.733.000 personas, nos falta mucho m\u00e1s\u201d, dijo la nueva titular del Anses\u00a0Mar\u00eda Fernanda Raverta\u00a0en di\u00e1logo con\u00a0T\u00e9lam.<\/p>\n<p>Por otro lado, la directora ejecutiva de la\u00a0Administraci\u00f3n Nacional de la Seguridad Social\u00a0(Anses)\u00a0explic\u00f3 que el gran universo de personas que podr\u00e1n cobrarla ya est\u00e1 definido, al mismo tiempo que confirm\u00f3 que \u201cno habr\u00e1 reapertura de inscripciones\u201d.<\/p>\n<p>\u201cCuando terminemos esta primera vuelta, que ser\u00e1 a fin de mes, vamos a poder presentar nuestro nuevo cronograma de pagos para la segunda vuelta\u201d, expres\u00f3.<\/p>\n<p>Y agreg\u00f3: \u201cPusimos mucha atenci\u00f3n en este tema porque fue un esfuerzo muy grande por parte del Estado ante esta emergencia y nos parec\u00eda bien injusto que exista alguna posibilidad de que estos $10.000 no le llegar\u00e1n a las familias\u201d.<\/p>\n<p>&nbsp;<\/p>\n<\/div>\n","protected":false},"excerpt":{"rendered":"<p>Se abonar\u00eda en el mes de junio una vez que la primera etapa de cobro llegue a su fin. &nbsp; &nbsp; La segunda ronda del\u00a0Ingreso Familiar de Emergencia (IFE)\u00a0comenzar\u00e1 cuando termine la primera ronda de pago. De esta manera, se abonar\u00eda en el mes de junio. No obstante,\u00a0a\u00fan queda por definir c\u00f3mo ser\u00e1 el cronograma. [&hellip;]<\/p>\n","protected":false},"author":1,"featured_media":39610,"comment_status":"closed","ping_status":"closed","sticky":false,"template":"","format":"standard","meta":{"footnotes":""},"categories":[7],"tags":[],"class_list":["post-39609","post","type-post","status-publish","format-standard","has-post-thumbnail","hentry","category-nacionales"],"_links":{"self":[{"href":"http:\/\/informateesquina.com\/index.php?rest_route=\/wp\/v2\/posts\/39609","targetHints":{"allow":["GET"]}}],"collection":[{"href":"http:\/\/informateesquina.com\/index.php?rest_route=\/wp\/v2\/posts"}],"about":[{"href":"http:\/\/informateesquina.com\/index.php?rest_route=\/wp\/v2\/types\/post"}],"author":[{"embeddable":true,"href":"http:\/\/informateesquina.com\/index.php?rest_route=\/wp\/v2\/users\/1"}],"replies":[{"embeddable":true,"href":"http:\/\/informateesquina.com\/index.php?rest_route=%2Fwp%2Fv2%2Fcomments&post=39609"}],"version-history":[{"count":0,"href":"http:\/\/informateesquina.com\/index.php?rest_route=\/wp\/v2\/posts\/39609\/revisions"}],"wp:featuredmedia":[{"embeddable":true,"href":"http:\/\/informateesquina.com\/index.php?rest_route=\/"}],"wp:attachment":[{"href":"http:\/\/informateesquina.com\/index.php?rest_route=%2Fwp%2Fv2%2Fmedia&parent=39609"}],"wp:term":[{"taxonomy":"category","embeddable":true,"href":"http:\/\/informateesquina.com\/index.php?rest_route=%2Fwp%2Fv2%2Fcategories&post=39609"},{"taxonomy":"post_tag","embeddable":true,"href":"http:\/\/informateesquina.com\/index.php?rest_route=%2Fwp%2Fv2%2Ftags&post=39609"}],"curies":[{"name":"wp","href":"https:\/\/api.w.org\/{rel}","templated":true}]}}