{"id":39612,"date":"2020-05-20T19:05:01","date_gmt":"2020-05-20T22:05:01","guid":{"rendered":"https:\/\/informateesquina.com\/?p=39612"},"modified":"2020-05-20T19:05:01","modified_gmt":"2020-05-20T22:05:01","slug":"la-economia-registro-su-peor-caida-desde-2009-se-derrumbo-un-115-en-marzo","status":"publish","type":"post","link":"http:\/\/informateesquina.com\/?p=39612","title":{"rendered":"La econom\u00eda registr\u00f3 su peor ca\u00edda desde 2009: se derrumb\u00f3 un 11,5% en marzo"},"content":{"rendered":"<div class=\"jsx-1275949214 air-3\">\n<header class=\"jsx-1695101547 article-title-wrapper\">\n<h1 class=\"jsx-1695101547 article-title take-color but-before\"><img decoding=\"async\" class=\"article-media\" style=\"color: #666666; font-family: Roboto, sans-serif; font-size: 15px;\" src=\"https:\/\/static3.a24.com\/images\/2019\/10\/26\/SkRDnEGcr-768x000.jpeg\" alt=\"Shopping\" \/><\/h1>\n<\/header>\n<\/div>\n<div class=\"jsx-2046434351 article-body\">\n<div class=\"jsx-3183742284 article-body-media-wrapper air-3\"><\/div>\n<p class=\"article-body-paragraph air-3\">Seg\u00fan inform\u00f3 hoy el<strong>\u00a0Instituto Nacional de Estad\u00edstica y Censos (INDEC)<\/strong>\u00a0la actividad econ\u00f3mica tuvo\u00a0<strong>una retracci\u00f3n de un 9,8% en marzo<\/strong>, lo que signific\u00f3 un derrumbe del<strong>\u00a011,5% interanual, su peor ca\u00edda desde 2009.<\/strong><\/p>\n<div class=\"article-body-tweet air-3\">\n<div>\n<div class=\"SandboxRoot env-bp-350\" data-twitter-event-id=\"0\">\n<div id=\"twitter-widget-0\" class=\"EmbeddedTweet EmbeddedTweet--cta js-clickToOpenTarget\" lang=\"en\" data-click-to-open-target=\"https:\/\/twitter.com\/INDECArgentina\/status\/1263182804856328192\" data-iframe-title=\"Twitter Tweet\" data-scribe=\"page:tweet\" data-twitter-event-id=\"2\">\n<div class=\"EmbeddedTweet-tweetContainer\">\n<div class=\"EmbeddedTweet-tweet\">\n<blockquote class=\"Tweet h-entry js-tweetIdInfo subject expanded\" cite=\"https:\/\/twitter.com\/INDECArgentina\/status\/1263182804856328192\" data-tweet-id=\"1263182804856328192\" data-scribe=\"section:subject\">\n<div class=\"Tweet-header\">\n<p><a class=\"TweetAuthor-avatar Identity-avatar u-linkBlend\" href=\"https:\/\/twitter.com\/INDECArgentina\" data-scribe=\"element:user_link\" aria-label=\"INDEC Argentina (screen name: INDECArgentina)\"><img decoding=\"async\" class=\"Avatar\" src=\"https:\/\/pbs.twimg.com\/profile_images\/1088775068795179008\/8cz5xMN4_normal.jpg\" alt=\"\" data-scribe=\"element:avatar\" data-src-2x=\"https:\/\/pbs.twimg.com\/profile_images\/1088775068795179008\/8cz5xMN4_bigger.jpg\" data-src-1x=\"https:\/\/pbs.twimg.com\/profile_images\/1088775068795179008\/8cz5xMN4_normal.jpg\" \/><\/a><\/p>\n<div class=\"TweetAuthor js-inViewportScribingTarget\" data-scribe=\"component:author\">\n<div class=\"TweetAuthor-nameScreenNameContainer\">\n<p><span class=\"TweetAuthor-decoratedName\"><span class=\"TweetAuthor-name Identity-name customisable-highlight\" title=\"INDEC Argentina\" data-scribe=\"element:name\">INDEC Argentina<\/span><\/span><\/p>\n<div class=\"Icon Icon--verified \" title=\"Verified Account\" role=\"img\" aria-label=\"Verified Account\"><\/div>\n<p><span class=\"TweetAuthor-decoratedName\"><span class=\"TweetAuthor-verifiedBadge\" data-scribe=\"element:verified_badge\"><b class=\"u-hiddenVisually\">\u2714<\/b><\/span><\/span><span class=\"TweetAuthor-screenName Identity-screenName\" dir=\"ltr\" title=\"@INDECArgentina\" data-scribe=\"element:screen_name\">@INDECArgentina<\/span><\/p>\n<\/div>\n<\/div>\n<div class=\"Tweet-brand\">\n<div class=\"Icon Icon--twitter \" title=\"View on Twitter\" role=\"presentation\" aria-label=\"View on Twitter\"><\/div>\n<\/div>\n<\/div>\n<div class=\"Tweet-body e-entry-content\" data-scribe=\"component:tweet\">\n<div class=\"Tweet-target js-inViewportScribingTarget\"><\/div>\n<p class=\"Tweet-text e-entry-title\" dir=\"ltr\" lang=\"es\"><a class=\"PrettyLink hashtag customisable\" dir=\"ltr\" href=\"https:\/\/twitter.com\/hashtag\/DatoINDEC?src=hash\" rel=\"tag\" data-query-source=\"hashtag_click\" data-scribe=\"element:hashtag\"><span class=\"PrettyLink-prefix\">#<\/span><span class=\"PrettyLink-value\">DatoINDEC<\/span><\/a><br \/>\nLa actividad econ\u00f3mica se contrajo 9,8% en marzo de 2020 respecto de febrero y 11,5% interanual <a class=\"link customisable\" dir=\"ltr\" title=\"https:\/\/www.indec.gob.ar\/uploads\/informesdeprensa\/emae_05_207F634B218B.pdf\" href=\"https:\/\/t.co\/3yZeBdaAGo\" target=\"_blank\" rel=\"nofollow noopener noreferrer\" data-expanded-url=\"https:\/\/www.indec.gob.ar\/uploads\/informesdeprensa\/emae_05_207F634B218B.pdf\" data-scribe=\"element:url\"><span class=\"u-hiddenVisually\">https:\/\/www.<\/span>indec.gob.ar\/uploads\/inform<span class=\"u-hiddenVisually\">esdeprensa\/emae_05_207F634B218B.pdf\u00a0<\/span>\u2026<\/a><\/p>\n<div class=\"Tweet-card\">\n<article class=\"MediaCard customisable-border\" dir=\"ltr\" data-scribe=\"component:card\">\n<div class=\"MediaCard-media\" data-scribe=\"element:photo\">\n<div class=\"MediaCard-widthConstraint js-cspForcedStyle\" data-style=\"max-width: 1157px\">\n<div class=\"MediaCard-mediaContainer js-cspForcedStyle MediaCard--roundedTop MediaCard--roundedBottom\" data-style=\"padding-bottom: 100.0000%\"><a class=\"MediaCard-mediaAsset NaturalImage\" href=\"https:\/\/twitter.com\/INDECArgentina\/status\/1263182804856328192\/photo\/1\"><img loading=\"lazy\" decoding=\"async\" class=\"NaturalImage-image\" title=\"View image on Twitter\" src=\"https:\/\/pbs.twimg.com\/media\/EYe5EKlWoAMlrmS?format=jpg&amp;name=small\" alt=\"View image on Twitter\" width=\"1157\" height=\"1159\" data-image=\"https:\/\/pbs.twimg.com\/media\/EYe5EKlWoAMlrmS\" data-image-format=\"jpg\" \/><\/a><\/div>\n<\/div>\n<\/div>\n<\/article>\n<\/div>\n<div class=\"TweetInfo\">\n<div class=\"TweetInfo-like\">\n<div data-scribe=\"element:heart\"><\/div>\n<\/div>\n<\/div>\n<\/div>\n<\/blockquote>\n<\/div>\n<div class=\"CallToAction-chevron\" data-scribe=\"element:cta_chevron\">\n<div class=\"Icon Icon--chevronRightCTA \" title=\"View on Twitter\" role=\"img\" aria-label=\"View on Twitter\">Las ramas de actividad que presentaron la <strong>mayor incidencia negativa<\/strong>\u00a0en la variaci\u00f3n interanual del EMAE correspondiente a marzo de 2020 son\u00a0<strong>\u201cIndustria manufacturera\u201d (15,5%), \u201cConstrucci\u00f3n\u201d (46,5%) y \u201cComercio mayorista, minorista y reparaciones\u201d (11,2%).<\/strong><\/div>\n<\/div>\n<\/div>\n<\/div>\n<\/div>\n<\/div>\n<\/div>\n<p class=\"article-body-paragraph air-3\">La \u00fanica rama de actividad con<strong>\u00a0incidencia positiva<\/strong>\u00a0en la variaci\u00f3n agregada del EMAE es\u00a0<strong>\u201cElectricidad, gas y agua\u201d (6,7%).<\/strong><\/p>\n<p class=\"article-body-paragraph air-3\">Estos datos se enmarcan en la cuarentena obligatoria en la que entr\u00f3 el pa\u00eds por la pandemia de coronavirus.<strong>\u00a0En marzo la cuarentena inici\u00f3 el 20, con lo cual tal solo hubo 10 d\u00edas de parate.<\/strong><\/p>\n<p class=\"article-body-paragraph air-3\">Por otro lado, el costo de la\u00a0<strong>Canasta B\u00e1sica Total (CBT)<\/strong>\u00a0subi\u00f3 1,4% durante abril, con lo cual una familia, integrada por dos adultos y dos menores de seis y ocho a\u00f1os,\u00a0<strong>necesit\u00f3 de $44.799 para superar el umbral de pobreza y $18.832 para no caer en la indigencia.<\/strong><\/p>\n<div class=\"article-body-tweet air-3\">\n<div class=\"SandboxRoot env-bp-350\" data-twitter-event-id=\"1\">\n<div id=\"twitter-widget-1\" class=\"EmbeddedTweet EmbeddedTweet--cta js-clickToOpenTarget\" lang=\"en\" data-click-to-open-target=\"https:\/\/twitter.com\/INDECArgentina\/status\/1263183770959720448\" data-iframe-title=\"Twitter Tweet\" data-scribe=\"page:tweet\" data-twitter-event-id=\"3\">\n<div class=\"EmbeddedTweet-tweetContainer\">\n<div class=\"EmbeddedTweet-tweet\">\n<blockquote class=\"Tweet h-entry js-tweetIdInfo subject expanded\" cite=\"https:\/\/twitter.com\/INDECArgentina\/status\/1263183770959720448\" data-tweet-id=\"1263183770959720448\" data-scribe=\"section:subject\">\n<div class=\"Tweet-header\">\n<p><a class=\"TweetAuthor-avatar Identity-avatar u-linkBlend\" href=\"https:\/\/twitter.com\/INDECArgentina\" data-scribe=\"element:user_link\" aria-label=\"INDEC Argentina (screen name: INDECArgentina)\"><img decoding=\"async\" class=\"Avatar\" src=\"https:\/\/pbs.twimg.com\/profile_images\/1088775068795179008\/8cz5xMN4_normal.jpg\" alt=\"\" data-scribe=\"element:avatar\" data-src-2x=\"https:\/\/pbs.twimg.com\/profile_images\/1088775068795179008\/8cz5xMN4_bigger.jpg\" data-src-1x=\"https:\/\/pbs.twimg.com\/profile_images\/1088775068795179008\/8cz5xMN4_normal.jpg\" \/><\/a><\/p>\n<div class=\"TweetAuthor js-inViewportScribingTarget\" data-scribe=\"component:author\">\n<div class=\"TweetAuthor-nameScreenNameContainer\">\n<p><span class=\"TweetAuthor-decoratedName\"><span class=\"TweetAuthor-name Identity-name customisable-highlight\" title=\"INDEC Argentina\" data-scribe=\"element:name\">INDEC Argentina<\/span><\/span><\/p>\n<div class=\"Icon Icon--verified \" title=\"Verified Account\" role=\"img\" aria-label=\"Verified Account\"><\/div>\n<p><span class=\"TweetAuthor-decoratedName\"><span class=\"TweetAuthor-verifiedBadge\" data-scribe=\"element:verified_badge\"><b class=\"u-hiddenVisually\">\u2714<\/b><\/span><\/span><span class=\"TweetAuthor-screenName Identity-screenName\" dir=\"ltr\" title=\"@INDECArgentina\" data-scribe=\"element:screen_name\">@INDECArgentina<\/span><\/p>\n<\/div>\n<\/div>\n<div class=\"Tweet-brand\">\n<div class=\"Icon Icon--twitter \" title=\"View on Twitter\" role=\"presentation\" aria-label=\"View on Twitter\"><\/div>\n<\/div>\n<\/div>\n<div class=\"Tweet-body e-entry-content\" data-scribe=\"component:tweet\">\n<div class=\"Tweet-target js-inViewportScribingTarget\"><\/div>\n<p class=\"Tweet-text e-entry-title\" dir=\"ltr\" lang=\"es\"><a class=\"PrettyLink hashtag customisable\" dir=\"ltr\" href=\"https:\/\/twitter.com\/hashtag\/DatoINDEC?src=hash\" rel=\"tag\" data-query-source=\"hashtag_click\" data-scribe=\"element:hashtag\"><span class=\"PrettyLink-prefix\">#<\/span><span class=\"PrettyLink-value\">DatoINDEC<\/span><\/a><br \/>\nLas canastas b\u00e1sicas alimentaria y total subieron 3,1% y 1,4% en abril de 2020 en relaci\u00f3n a marzo, respectivamente, y 51,1% y 44,4% interanual <a class=\"link customisable\" dir=\"ltr\" title=\"https:\/\/www.indec.gob.ar\/uploads\/informesdeprensa\/canasta_05_205663094BE4.pdf\" href=\"https:\/\/t.co\/qF2hbmQVA4\" target=\"_blank\" rel=\"nofollow noopener noreferrer\" data-expanded-url=\"https:\/\/www.indec.gob.ar\/uploads\/informesdeprensa\/canasta_05_205663094BE4.pdf\" data-scribe=\"element:url\"><span class=\"u-hiddenVisually\">https:\/\/www.<\/span>indec.gob.ar\/uploads\/inform<span class=\"u-hiddenVisually\">esdeprensa\/canasta_05_205663094BE4.pdf\u00a0<\/span>\u2026<\/a><\/p>\n<div class=\"Tweet-card\">\n<article class=\"MediaCard customisable-border\" dir=\"ltr\" data-scribe=\"component:card\">\n<div class=\"MediaCard-media\" data-scribe=\"element:photo\">\n<div class=\"MediaCard-widthConstraint js-cspForcedStyle\" data-style=\"max-width: 1176px\">\n<div class=\"MediaCard-mediaContainer js-cspForcedStyle MediaCard--roundedTop MediaCard--roundedBottom\" data-style=\"padding-bottom: 100.0000%\"><a class=\"MediaCard-mediaAsset NaturalImage\" href=\"https:\/\/twitter.com\/INDECArgentina\/status\/1263183770959720448\/photo\/1\"><img loading=\"lazy\" decoding=\"async\" class=\"NaturalImage-image\" title=\"View image on Twitter\" src=\"https:\/\/pbs.twimg.com\/media\/EYe60OEWoAAvAvQ?format=jpg&amp;name=small\" alt=\"View image on Twitter\" width=\"1176\" height=\"1200\" data-image=\"https:\/\/pbs.twimg.com\/media\/EYe60OEWoAAvAvQ\" data-image-format=\"jpg\" \/><\/a><\/div>\n<\/div>\n<\/div>\n<\/article>\n<\/div>\n<div class=\"TweetInfo\">\n<div class=\"TweetInfo-like\">\n<div data-scribe=\"element:heart\">\n<div class=\"Icon Icon--heart \" title=\"Like\" role=\"img\" aria-label=\"Like\"><\/div>\n<\/div>\n<\/div>\n<\/div>\n<\/div>\n<\/blockquote>\n<\/div>\n<\/div>\n<\/div>\n<\/div>\n<\/div>\n<p class=\"article-body-paragraph air-3\">De esta manera, la variaci\u00f3n mensual de la\u00a0<strong>canasta b\u00e1sica alimentaria (CBA) con respecto a marzo de 2020 fue de 3,1%.\u00a0<\/strong>Las\u00a0<strong>variaciones interanuales<\/strong>\u00a0de la CBA y de la CBT resultaron del\u00a0<strong>51,1% y 44,4%<\/strong>, respectivamente.<\/p>\n<\/div>\n","protected":false},"excerpt":{"rendered":"<p>Seg\u00fan inform\u00f3 hoy el\u00a0Instituto Nacional de Estad\u00edstica y Censos (INDEC)\u00a0la actividad econ\u00f3mica tuvo\u00a0una retracci\u00f3n de un 9,8% en marzo, lo que signific\u00f3 un derrumbe del\u00a011,5% interanual, su peor ca\u00edda desde 2009. INDEC Argentina \u2714@INDECArgentina #DatoINDEC La actividad econ\u00f3mica se contrajo 9,8% en marzo de 2020 respecto de febrero y 11,5% interanual https:\/\/www.indec.gob.ar\/uploads\/informesdeprensa\/emae_05_207F634B218B.pdf\u00a0\u2026 Las ramas de [&hellip;]<\/p>\n","protected":false},"author":1,"featured_media":39613,"comment_status":"closed","ping_status":"closed","sticky":false,"template":"","format":"standard","meta":{"footnotes":""},"categories":[7],"tags":[],"class_list":["post-39612","post","type-post","status-publish","format-standard","has-post-thumbnail","hentry","category-nacionales"],"_links":{"self":[{"href":"http:\/\/informateesquina.com\/index.php?rest_route=\/wp\/v2\/posts\/39612","targetHints":{"allow":["GET"]}}],"collection":[{"href":"http:\/\/informateesquina.com\/index.php?rest_route=\/wp\/v2\/posts"}],"about":[{"href":"http:\/\/informateesquina.com\/index.php?rest_route=\/wp\/v2\/types\/post"}],"author":[{"embeddable":true,"href":"http:\/\/informateesquina.com\/index.php?rest_route=\/wp\/v2\/users\/1"}],"replies":[{"embeddable":true,"href":"http:\/\/informateesquina.com\/index.php?rest_route=%2Fwp%2Fv2%2Fcomments&post=39612"}],"version-history":[{"count":0,"href":"http:\/\/informateesquina.com\/index.php?rest_route=\/wp\/v2\/posts\/39612\/revisions"}],"wp:featuredmedia":[{"embeddable":true,"href":"http:\/\/informateesquina.com\/index.php?rest_route=\/"}],"wp:attachment":[{"href":"http:\/\/informateesquina.com\/index.php?rest_route=%2Fwp%2Fv2%2Fmedia&parent=39612"}],"wp:term":[{"taxonomy":"category","embeddable":true,"href":"http:\/\/informateesquina.com\/index.php?rest_route=%2Fwp%2Fv2%2Fcategories&post=39612"},{"taxonomy":"post_tag","embeddable":true,"href":"http:\/\/informateesquina.com\/index.php?rest_route=%2Fwp%2Fv2%2Ftags&post=39612"}],"curies":[{"name":"wp","href":"https:\/\/api.w.org\/{rel}","templated":true}]}}