{"id":39620,"date":"2020-05-20T21:57:36","date_gmt":"2020-05-21T00:57:36","guid":{"rendered":"https:\/\/informateesquina.com\/?p=39620"},"modified":"2020-05-20T21:57:36","modified_gmt":"2020-05-21T00:57:36","slug":"coronavirus-en-el-chaco-se-reportaron-35-nuevos-casos","status":"publish","type":"post","link":"http:\/\/informateesquina.com\/?p=39620","title":{"rendered":"Coronavirus en el Chaco: se reportaron 35 nuevos casos"},"content":{"rendered":"<article>\n<div id=\"detail-header\" class=\"article-header\">\n<div class=\"row\">\n<div class=\"col-12\">\n<div class=\"article-title\">\n<h1 class=\"title\">La provincia se mantiene como el tercer distrito con mayor cantidad de infectados.<\/h1>\n<\/div>\n<div class=\"article-date\"><\/div>\n<\/div>\n<\/div>\n<\/div>\n<\/article>\n<div class=\"row\">\n<div class=\"col col-8\">\n<article class=\"article-figure\">\n<div class=\"row\">\n<div class=\"col-12\">\n<div class=\"head-image thumb-wrap relative\">\n<div id=\"content-gallery\">\n<div id=\"fotogaleria-Object_134_101\" class=\"gallery\">\n<div class=\"col2 owl-carousel owl-loaded\">\n<div class=\"owl-stage-outer owl-height\">\n<div class=\"owl-stage\">\n<div class=\"owl-item active\">\n<div class=\"image itemGallery classid313527\"><a title=\"\" href=\"https:\/\/media.datachaco.com\/adjuntos\/244\/imagenes\/001\/256\/0001256259.jpg\"><img decoding=\"async\" title=\"Coronavirus en el Chaco: se reportaron 35 nuevos casos\" src=\"https:\/\/media.datachaco.com\/adjuntos\/244\/imagenes\/001\/256\/0001256259.jpg\" alt=\"Coronavirus en el Chaco: se reportaron 35 nuevos casos\" width=\"700\" \/><\/a><\/p>\n<div class=\"gallery-header\"><\/div>\n<\/div>\n<\/div>\n<\/div>\n<\/div>\n<\/div>\n<\/div>\n<\/div>\n<\/div>\n<\/div>\n<\/div>\n<\/article>\n<article class=\"article-body first\">\n<div class=\"article-author\"><strong>El n\u00famero de casos de coronavirus en el Chaco se elev\u00f3 a 660 este mi\u00e9rcoles 20 de mayo<\/strong>, seg\u00fan el parte vespertino del Ministerio de Salud de la Naci\u00f3n.<\/div>\n<\/article>\n<div class=\"banner-libre\"><\/div>\n<article class=\"article-body\">\n<div class=\"article-content selectionShareable\">\n<div class=\"cuerpo\" data-twitter-link=\"\">\n<p>As\u00ed,\u00a0<strong>se notificaron 35 casos positivos en las \u00faltimas 24 horas en la provincia.<\/strong><\/p>\n<p><strong>El Chaco se mantiene como el tercer distrito con mayor cantidad de infectados en el pa\u00eds<\/strong>\u00a0desde que comenz\u00f3 la pandemia, detr\u00e1s de la Ciudad de Buenos Aires y la provincia de Buenos Aires.<\/p>\n<p>Este mi\u00e9rcoles hubo\u00a0r\u00e9cord diario de contagios en la Argentina, con 474 nuevos casos, en tanto que se reportaron\u00a0<strong>diez muertes.<\/strong><\/p>\n<p>As\u00ed, seg\u00fan las cifras oficiales, el total de infectados lleg\u00f3 a 9283, en tanto que el n\u00famero de fallecidos ascendi\u00f3 a 403.<\/p>\n<p><strong>De los 474 nuevos casos en el pa\u00eds, en la Ciudad de Buenos Aires se dieron 257 de los nuevos positivos<\/strong>; en la provincia de Buenos Aires, 178;\u00a0<strong>en Chaco, 35;<\/strong>\u00a0y en C\u00f3rdoba y R\u00edo Negro, dos.<\/p>\n<p>As\u00ed,\u00a0<strong>la capital del pa\u00eds es el \u00e1rea con mayor n\u00famero de contagios (3823 totales)<\/strong>, seguida por el territorio bonaerense (3096) y\u00a0<strong>Chaco, con 660.<\/strong><\/p>\n<p><strong>LA MIRA EST\u00c1 PUESTA EN El\u00a0BARRIO TOBA<\/strong><\/p>\n<p>Debido a la gran cantidad de casos detectados en la populosa barriada, el gobierno dispuso diferentes acciones desde el primer paciente con coronavirus, pero hasta el momento no logra detener el contagio.<\/p>\n<div id=\"313620-Libre-1233311707_wrap\" class=\"embed_cont type_imagen\">\n<div id=\"313620-Libre-1233311707_content\" class=\"embed_content\"><img decoding=\"async\" id=\"313620-Libre-1233311707_embed\" src=\"https:\/\/media.datachaco.com\/adjuntos\/244\/imagenes\/001\/257\/0001257126.jpg?0000-00-00-00-00-00\" alt=\"El Ej\u00e9rcito colabora con la instalaci\u00f3n del polo sanitario en el barrio Toba.\" longdesc=\"https:\/\/media.datachaco.com\/adjuntos\/244\/imagenes\/001\/257\/0001257126.jpg?0000-00-00-00-00-00\" \/><\/div>\n<div id=\"313620-Libre-1233311707_epigrafe\" class=\"embed_epigrafe\">El Ej\u00e9rcito colabora con la instalaci\u00f3n del polo sanitario en el barrio Toba.<\/div>\n<\/div>\n<p>Por ello ahora instalaron un polo sanitario, con la meta de aumentar la capacidad de atenci\u00f3n diaria, incrementar la captaci\u00f3n de muestras -se busca llegar a un total de 50 hisopados por d\u00eda- y detecci\u00f3n temprana de casos positivos o descarte de sospechosos negativos, como tambi\u00e9n optimizar los espacios de aislamiento de pacientes con COVID-19 en el CIC barrial.<\/p>\n<\/div>\n<\/div>\n<\/article>\n<\/div>\n<div class=\"col col-4\">\n<aside>\n<div class=\"aside-section reading-now\">\n<div class=\"aside-titulo\"><\/div>\n<\/div>\n<\/aside>\n<\/div>\n<\/div>\n<section class=\"bg-ligth\">\n<div class=\"banner-libre gray-border\">\n<div class=\"banner-content\"><\/div>\n<\/div>\n<\/section>\n","protected":false},"excerpt":{"rendered":"<p>La provincia se mantiene como el tercer distrito con mayor cantidad de infectados. El n\u00famero de casos de coronavirus en el Chaco se elev\u00f3 a 660 este mi\u00e9rcoles 20 de mayo, seg\u00fan el parte vespertino del Ministerio de Salud de la Naci\u00f3n. As\u00ed,\u00a0se notificaron 35 casos positivos en las \u00faltimas 24 horas en la provincia. [&hellip;]<\/p>\n","protected":false},"author":1,"featured_media":39622,"comment_status":"closed","ping_status":"closed","sticky":false,"template":"","format":"standard","meta":{"footnotes":""},"categories":[11],"tags":[136],"class_list":["post-39620","post","type-post","status-publish","format-standard","has-post-thumbnail","hentry","category-sociedad","tag-destacados"],"_links":{"self":[{"href":"http:\/\/informateesquina.com\/index.php?rest_route=\/wp\/v2\/posts\/39620","targetHints":{"allow":["GET"]}}],"collection":[{"href":"http:\/\/informateesquina.com\/index.php?rest_route=\/wp\/v2\/posts"}],"about":[{"href":"http:\/\/informateesquina.com\/index.php?rest_route=\/wp\/v2\/types\/post"}],"author":[{"embeddable":true,"href":"http:\/\/informateesquina.com\/index.php?rest_route=\/wp\/v2\/users\/1"}],"replies":[{"embeddable":true,"href":"http:\/\/informateesquina.com\/index.php?rest_route=%2Fwp%2Fv2%2Fcomments&post=39620"}],"version-history":[{"count":0,"href":"http:\/\/informateesquina.com\/index.php?rest_route=\/wp\/v2\/posts\/39620\/revisions"}],"wp:featuredmedia":[{"embeddable":true,"href":"http:\/\/informateesquina.com\/index.php?rest_route=\/"}],"wp:attachment":[{"href":"http:\/\/informateesquina.com\/index.php?rest_route=%2Fwp%2Fv2%2Fmedia&parent=39620"}],"wp:term":[{"taxonomy":"category","embeddable":true,"href":"http:\/\/informateesquina.com\/index.php?rest_route=%2Fwp%2Fv2%2Fcategories&post=39620"},{"taxonomy":"post_tag","embeddable":true,"href":"http:\/\/informateesquina.com\/index.php?rest_route=%2Fwp%2Fv2%2Ftags&post=39620"}],"curies":[{"name":"wp","href":"https:\/\/api.w.org\/{rel}","templated":true}]}}