{"id":39624,"date":"2020-05-20T23:05:19","date_gmt":"2020-05-21T02:05:19","guid":{"rendered":"https:\/\/informateesquina.com\/?p=39624"},"modified":"2020-05-20T23:05:19","modified_gmt":"2020-05-21T02:05:19","slug":"esquina-vamos-a-tener-una-entrada-muy-muy-florida-cuando-los-arboles-crezcan","status":"publish","type":"post","link":"http:\/\/informateesquina.com\/?p=39624","title":{"rendered":"Esquina: &#8220;Vamos a tener una entrada muy muy florida cuando los \u00e1rboles crezcan&#8221;"},"content":{"rendered":"<audio class=\"wp-audio-shortcode\" id=\"audio-39624-1\" preload=\"none\" style=\"width: 100%;\" controls=\"controls\"><source type=\"audio\/ogg\" src=\"https:\/\/informateesquina.com\/wp-content\/uploads\/2020\/05\/esquina.ogg?_=1\" \/><a href=\"https:\/\/informateesquina.com\/wp-content\/uploads\/2020\/05\/esquina.ogg\">https:\/\/informateesquina.com\/wp-content\/uploads\/2020\/05\/esquina.ogg<\/a><\/audio>\n<p><img loading=\"lazy\" decoding=\"async\" class=\"alignnone size-medium wp-image-39627\" src=\"https:\/\/informateesquina.com\/wp-content\/uploads\/2020\/05\/72489009_1006228996375123_5394796330449108992_o-300x200.jpg\" alt=\"\" width=\"300\" height=\"200\" \/><\/p>\n<p>Desde el matadero municipal hasta el monolito con la imagen de Jes\u00fas Misericordioso se plantar\u00e1n cerca de 400 \u00e1rboles de especies nativas entre lapachos rosados, amarillos, pata de buey e ybir\u00e1 Pit\u00e1 en ambos lados de ruta 12. Por el momento se cumpli\u00f3 con la primera etapa ya que por el avance de la pandemia las tareas quedaron truncadas.<\/p>\n<p>\u00c9ste trabajo fue llevado adelante por las \u00e1reas de Producci\u00f3n,\u00a0 Medio Ambiente y Planificaci\u00f3n Estrat\u00e9gica que realiz\u00f3 un planeamiento de arbolado urbano para reponer y aumentar las especies da\u00f1adas.<\/p>\n<p>El titular de la Direcci\u00f3n de Medio Ambiente de la ciudad de Esquina, Enzo Fratti, coment\u00f3 a Comunic\u00e1ndonos Esquina que los plantines fueron obtenidos de la Direcci\u00f3n de Recursos Forestales Provincial. \u201cEso lo organiz\u00f3 \u00a0la Direcci\u00f3n de Producci\u00f3n y nosotros colaboramos trayendo los arboles desde Corrientes, mediante un programa que se llama &lt;&lt;\u00c1rboles para mi ciudad&gt;&gt;, \u00a0se plantearon el a\u00f1o pasado y hoy podemos ver que los arbolitos est\u00e1n creciendo y est\u00e1n muy bien. Fuimos felicitados por la Direcci\u00f3n de Forestales de Corrientes y varias ciudades vecinas, que les encant\u00f3 la idea de poner \u00e1rboles en los accesos porque va a ser una entrada muy linda muy florida cuando est\u00e9n crecidos\u201d, explic\u00f3.<\/p>\n<p><img loading=\"lazy\" decoding=\"async\" class=\"alignnone size-medium wp-image-39626\" src=\"https:\/\/informateesquina.com\/wp-content\/uploads\/2020\/05\/72977718_1006229093041780_4103580198920781824_o-300x200.jpg\" alt=\"\" width=\"300\" height=\"200\" \/><\/p>\n<p>Por otro lado coment\u00f3 que ten\u00edan pensado <em><strong>colocar barandas al ingreso y el egreso de la ciudad<\/strong><\/em>. \u201cAhora no hay drama pero cuando los \u00e1rboles crezcan va a ser peligroso que los conductores pasen a gran velocidad, adem\u00e1s de extender las zonas de baranda e iluminaci\u00f3n pens\u00e1bamos poner una velocidad m\u00e1xima de 40 o 60km\/h\u201d, explic\u00f3.<\/p>\n<p><strong>CAMPING VILLA ORISTIA<\/strong><\/p>\n<p>Tambi\u00e9n destac\u00f3 la limpieza del camping para que todos los vecinos y vecinas que quieren conocer o visitar puedan hacerlo, como un circuito de caminata o ciclismo, pero NO de permanencia, por las medidas preventivas de Coronavirus.<\/p>\n<p><img loading=\"lazy\" decoding=\"async\" class=\"alignnone size-medium wp-image-39625\" src=\"https:\/\/informateesquina.com\/wp-content\/uploads\/2020\/05\/98475789_638248896724591_4826697157916491776_o-300x199.jpg\" alt=\"\" width=\"300\" height=\"199\" \/><\/p>\n","protected":false},"excerpt":{"rendered":"<p>Desde el matadero municipal hasta el monolito con la imagen de Jes\u00fas Misericordioso se plantar\u00e1n cerca de 400 \u00e1rboles de especies nativas entre lapachos rosados, amarillos, pata de buey e ybir\u00e1 Pit\u00e1 en ambos lados de ruta 12. Por el momento se cumpli\u00f3 con la primera etapa ya que por el avance de la pandemia [&hellip;]<\/p>\n","protected":false},"author":1,"featured_media":39627,"comment_status":"closed","ping_status":"closed","sticky":false,"template":"","format":"audio","meta":{"footnotes":""},"categories":[6],"tags":[],"class_list":["post-39624","post","type-post","status-publish","format-audio","has-post-thumbnail","hentry","category-locales","post_format-post-format-audio"],"_links":{"self":[{"href":"http:\/\/informateesquina.com\/index.php?rest_route=\/wp\/v2\/posts\/39624","targetHints":{"allow":["GET"]}}],"collection":[{"href":"http:\/\/informateesquina.com\/index.php?rest_route=\/wp\/v2\/posts"}],"about":[{"href":"http:\/\/informateesquina.com\/index.php?rest_route=\/wp\/v2\/types\/post"}],"author":[{"embeddable":true,"href":"http:\/\/informateesquina.com\/index.php?rest_route=\/wp\/v2\/users\/1"}],"replies":[{"embeddable":true,"href":"http:\/\/informateesquina.com\/index.php?rest_route=%2Fwp%2Fv2%2Fcomments&post=39624"}],"version-history":[{"count":0,"href":"http:\/\/informateesquina.com\/index.php?rest_route=\/wp\/v2\/posts\/39624\/revisions"}],"wp:featuredmedia":[{"embeddable":true,"href":"http:\/\/informateesquina.com\/index.php?rest_route=\/"}],"wp:attachment":[{"href":"http:\/\/informateesquina.com\/index.php?rest_route=%2Fwp%2Fv2%2Fmedia&parent=39624"}],"wp:term":[{"taxonomy":"category","embeddable":true,"href":"http:\/\/informateesquina.com\/index.php?rest_route=%2Fwp%2Fv2%2Fcategories&post=39624"},{"taxonomy":"post_tag","embeddable":true,"href":"http:\/\/informateesquina.com\/index.php?rest_route=%2Fwp%2Fv2%2Ftags&post=39624"}],"curies":[{"name":"wp","href":"https:\/\/api.w.org\/{rel}","templated":true}]}}