{"id":39632,"date":"2020-05-21T13:05:53","date_gmt":"2020-05-21T16:05:53","guid":{"rendered":"https:\/\/informateesquina.com\/?p=39632"},"modified":"2020-05-21T13:05:53","modified_gmt":"2020-05-21T16:05:53","slug":"aprovechando-la-bajante-del-rio-se-trabaja-en-la-extension-de-la-costanera-de-esquina","status":"publish","type":"post","link":"http:\/\/informateesquina.com\/?p=39632","title":{"rendered":"Aprovechando la bajante del r\u00edo, se trabaja en la extensi\u00f3n de la Costanera de Esquina"},"content":{"rendered":"<p style=\"text-align: center;\"><strong><em>Aprovechando la bajante del r\u00edo, iniciaron la construcci\u00f3n de la defensas del paseo costero de Esquina, que sumar\u00e1 unos 200 metros m\u00e1s y entre otros atractivos, incluir\u00e1 bicisendas. Adem\u00e1s, en otra zona de la ciudad extender\u00e1n los drenajes que beneficiar\u00e1 a varios barrios.<\/em><\/strong><\/p>\n<p>&nbsp;<\/p>\n<p>Con el pase a una nueva fase de la cuarentena hace varias semanas atr\u00e1s, la Municipalidad de Esquina reanud\u00f3 las obras p\u00fablicas que hab\u00edan sido suspendidas por la pandemia del Coronavirus. En este marco, se iniciaron los trabajos para extender la costanera hacia el norte de la ciudad, que agregar\u00e1 unos 200 metros al paseo y empalmar\u00e1 con la prolongaci\u00f3n de la avenida Ferr\u00e9.<\/p>\n<p>Asimismo, en otra zona de la localidad, se realizar\u00e1n obras de desag\u00fces, que aliviar\u00e1n la situaci\u00f3n de varios barrios que se inundan con la ca\u00edda de copiosas lluvias.<\/p>\n<p>Al respecto, el secretario de Obras y Servicios P\u00fablicos de la comuna, Juan Manuel Sosa, indic\u00f3 que &#8220;estamos abocados por pedido del Intendente a esta obra y queremos aprovechar la bajante del r\u00edo para poder trabajar con precisi\u00f3n en la parte de las defensas. La semana pasada se hizo la limpieza del lugar y el relevamiento, y esta semana ya estamos realizando el muro de contenci\u00f3n, con las estructuras de hierro, el encofrado y el colado de hormig\u00f3n&#8221;.<\/p>\n<p>En este sentido agreg\u00f3 que &#8220;se va extender unos 200 metros aproximadamente, y va a unirse con la prolongaci\u00f3n de la avenida Ferr\u00e9. Va a ser un hermoso paseo, muy importante para la gente de ac\u00e1 y el turismo. Contar\u00e1 con bicisendas, una calle de siete metros de ancho con bulevar y parquizado. Si todo va bien, para mediados de julio esperamos estar avanzados en un 80 o 90% de la obra&#8221;.<\/p>\n<p>&nbsp;<\/p>\n<p><strong>Desag\u00fces<\/strong><\/p>\n<p>&nbsp;<\/p>\n<p>Por otra parte, el intendente de Esquina, Hugo Ben\u00edtez, afirm\u00f3 que en una teleconferencia con el gobernador Gustavo Vald\u00e9s, que mantuvieron este lunes, el primer Mandatario les autoriz\u00f3 utilizar un conjunto de tubos que estaban hac\u00eda un tiempo en el Municipio y que pertenec\u00edan a la Provincia.<\/p>\n<p>Sobre esto, Sosa coment\u00f3 que la semana que viene comenzar\u00edan con las obras de extensi\u00f3n del sistema de desagote de la ciudad y explic\u00f3 que &#8220;hay un desag\u00fce en el acceso sur, despu\u00e9s del bulevar de la bandera por calle Los Ceibos que, con gran visi\u00f3n, se construyeron, seg\u00fan vecinos, hace unos 40 o 50 a\u00f1os. Tienen un di\u00e1metro importante, y van hasta el barrio 45 Viviendas, giran por la calle Jos\u00e9 Hern\u00e1ndez hasta Constituci\u00f3n&#8221;.<\/p>\n<p>Lo \u00fanico que advirti\u00f3 es que &#8220;el problema est\u00e1 que en una parte se hace muy angosto, produciendo un cuello de botella cuando tiene que desagotar mucha agua&#8221;. Asegur\u00f3 que &#8220;las nuevas obras se har\u00edan desde las 45 Viviendas derecho hacia el r\u00edo, para evitar que colapse el sistema y se inunde la zona de la calle Cabral que tiene problemas cuando llueve mucho&#8221;.<\/p>\n<p>El funcionario municipal tambi\u00e9n agreg\u00f3 que esta extensi\u00f3n de desag\u00fces posibilitar\u00eda m\u00e1s adelante continuar &#8220;hacia el otro lado de la Ruta 12, con m\u00e1s obras que permitan desagotar otros barrios como Las Palmeras, La Tablada, e Itat\u00ed&#8221;, finaliz\u00f3.<\/p>\n<p>&nbsp;<\/p>\n<p><em>FUENTE: www.ellitoral.com.ar\u00a0<\/em><\/p>\n","protected":false},"excerpt":{"rendered":"<p>Aprovechando la bajante del r\u00edo, iniciaron la construcci\u00f3n de la defensas del paseo costero de Esquina, que sumar\u00e1 unos 200 metros m\u00e1s y entre otros atractivos, incluir\u00e1 bicisendas. Adem\u00e1s, en otra zona de la ciudad extender\u00e1n los drenajes que beneficiar\u00e1 a varios barrios. &nbsp; Con el pase a una nueva fase de la cuarentena hace [&hellip;]<\/p>\n","protected":false},"author":1,"featured_media":39634,"comment_status":"closed","ping_status":"closed","sticky":false,"template":"","format":"standard","meta":{"footnotes":""},"categories":[6],"tags":[136],"class_list":["post-39632","post","type-post","status-publish","format-standard","has-post-thumbnail","hentry","category-locales","tag-destacados"],"_links":{"self":[{"href":"http:\/\/informateesquina.com\/index.php?rest_route=\/wp\/v2\/posts\/39632","targetHints":{"allow":["GET"]}}],"collection":[{"href":"http:\/\/informateesquina.com\/index.php?rest_route=\/wp\/v2\/posts"}],"about":[{"href":"http:\/\/informateesquina.com\/index.php?rest_route=\/wp\/v2\/types\/post"}],"author":[{"embeddable":true,"href":"http:\/\/informateesquina.com\/index.php?rest_route=\/wp\/v2\/users\/1"}],"replies":[{"embeddable":true,"href":"http:\/\/informateesquina.com\/index.php?rest_route=%2Fwp%2Fv2%2Fcomments&post=39632"}],"version-history":[{"count":0,"href":"http:\/\/informateesquina.com\/index.php?rest_route=\/wp\/v2\/posts\/39632\/revisions"}],"wp:featuredmedia":[{"embeddable":true,"href":"http:\/\/informateesquina.com\/index.php?rest_route=\/"}],"wp:attachment":[{"href":"http:\/\/informateesquina.com\/index.php?rest_route=%2Fwp%2Fv2%2Fmedia&parent=39632"}],"wp:term":[{"taxonomy":"category","embeddable":true,"href":"http:\/\/informateesquina.com\/index.php?rest_route=%2Fwp%2Fv2%2Fcategories&post=39632"},{"taxonomy":"post_tag","embeddable":true,"href":"http:\/\/informateesquina.com\/index.php?rest_route=%2Fwp%2Fv2%2Ftags&post=39632"}],"curies":[{"name":"wp","href":"https:\/\/api.w.org\/{rel}","templated":true}]}}