{"id":39637,"date":"2020-05-21T16:56:53","date_gmt":"2020-05-21T19:56:53","guid":{"rendered":"https:\/\/informateesquina.com\/?p=39637"},"modified":"2020-05-21T16:56:53","modified_gmt":"2020-05-21T19:56:53","slug":"corrientes-la-sentenciaron-a-cadena-perpetua-por-matar-a-su-hija-recien-nacida","status":"publish","type":"post","link":"http:\/\/informateesquina.com\/?p=39637","title":{"rendered":"Corrientes: La sentenciaron a cadena perpetua por matar a su hija reci\u00e9n nacida"},"content":{"rendered":"<p class=\"copete\">A trav\u00e9s de una videoconferencia, la Justicia de Corrientes la sentenci\u00f3 a cadena perpetua por el crimen cometido en 2018. &#8220;Me desmay\u00e9 y no recuerdo nada&#8221;, hab\u00eda explicado la mujer.<\/p>\n<div class=\"fotos-y-videos\">\n<p><a class=\"fotos-desarrollo unlink\" title=\"La sentenciaron a cadena perpetua por matar a su hija reci\u00e9n nacida\" href=\"https:\/\/www.radiosudamericana.com\/notix\/multimedia\/imagenes\/fotos\/2020-05-21\/609889.jpg\"><img decoding=\"async\" class=\"img-responsive lazyload center-block\" src=\"https:\/\/www.radiosudamericana.com\/notix\/multimedia\/imagenes\/fotos\/2020-05-21\/609889.jpg\" alt=\"foto: La sentenciaron a cadena perpetua por matar a su hija reci\u00e9n nacida\" \/><\/a><\/p>\n<\/div>\n<p>Mar\u00eda Elizabeth Insaurralde, de 35 a\u00f1os, fue condenada ayer a prisi\u00f3n perpetua por haber asesinado a golpes a su beba reci\u00e9n nacida el 18 de octubre de 2018 en una casa de la localidad de Bella Vista, en Corrientes.<\/p>\n<div class=\"cuerpo\">\n<p>La defensa bas\u00f3 su estrategia en se\u00f1alar que la imputada desconoc\u00eda que estaba embarazada, que se trat\u00f3 de un parto fortuito por el cual tuvo una hemorragia que le hizo perder el conocimiento y\u00a0al desmayarse se le cay\u00f3la beba al suelo.<\/p>\n<p><a class=\"fotos-desarrollo unlink\" title=\"La sentenciaron a cadena perpetua por matar a su hija reci\u00e9n nacida\" href=\"https:\/\/www.radiosudamericana.com\/notix\/multimedia\/imagenes\/fotos\/2020-05-21\/678899.jpg\"><img decoding=\"async\" class=\"img-responsive\" src=\"https:\/\/www.radiosudamericana.com\/notix\/multimedia\/imagenes\/fotos\/2020-05-21\/678899.jpg\" \/><\/a><\/p>\n<p>\u201cS\u00f3lo recuerdo que tuve un parto con mucha sangre. Me desmay\u00e9 y no recuerdo nada;\u00a0me despert\u00e9 en el hospital\u201d, declar\u00f3 en ese momento la mujer, que qued\u00f3 detenida con prisi\u00f3n preventiva en el Instituto Pelletier de la capital correntina.<\/p>\n<p>Sin embargo, eso fue descartado por los investigadores debido a que la beba fue encontrada\u00a0envuelta en una campera dentro de un armario\u00a0de la habitaci\u00f3n. \u201cMat\u00f3 porque quiso matar\u201d, le dijo el fiscal Gustavo Schmitt a\u00a0T\u00e9lam,\u00a0haciendo referencia a las pruebas que surgieron durante el debate.<\/p>\n<p>Entre estas, fue determinante el resultado de la autopsia seg\u00fan la cual la v\u00edctima presentaba \u201ccomo m\u00ednimosiete golpes en la cabeza\u201d. Los estudios complementarios revelaron despu\u00e9s que la mat\u00f3 &#8220;con un objeto contundente&#8221; poco despu\u00e9s de su nacimiento, que se produjo en la misma habitaci\u00f3n y sin ning\u00fan tipo de asistencia.<\/p>\n<p>FUENTE: TN<\/p>\n<\/div>\n","protected":false},"excerpt":{"rendered":"<p>A trav\u00e9s de una videoconferencia, la Justicia de Corrientes la sentenci\u00f3 a cadena perpetua por el crimen cometido en 2018. &#8220;Me desmay\u00e9 y no recuerdo nada&#8221;, hab\u00eda explicado la mujer. Mar\u00eda Elizabeth Insaurralde, de 35 a\u00f1os, fue condenada ayer a prisi\u00f3n perpetua por haber asesinado a golpes a su beba reci\u00e9n nacida el 18 de [&hellip;]<\/p>\n","protected":false},"author":1,"featured_media":39638,"comment_status":"closed","ping_status":"closed","sticky":false,"template":"","format":"standard","meta":{"footnotes":""},"categories":[8,10],"tags":[136],"class_list":["post-39637","post","type-post","status-publish","format-standard","has-post-thumbnail","hentry","category-policiales","category-provinciales","tag-destacados"],"_links":{"self":[{"href":"http:\/\/informateesquina.com\/index.php?rest_route=\/wp\/v2\/posts\/39637","targetHints":{"allow":["GET"]}}],"collection":[{"href":"http:\/\/informateesquina.com\/index.php?rest_route=\/wp\/v2\/posts"}],"about":[{"href":"http:\/\/informateesquina.com\/index.php?rest_route=\/wp\/v2\/types\/post"}],"author":[{"embeddable":true,"href":"http:\/\/informateesquina.com\/index.php?rest_route=\/wp\/v2\/users\/1"}],"replies":[{"embeddable":true,"href":"http:\/\/informateesquina.com\/index.php?rest_route=%2Fwp%2Fv2%2Fcomments&post=39637"}],"version-history":[{"count":0,"href":"http:\/\/informateesquina.com\/index.php?rest_route=\/wp\/v2\/posts\/39637\/revisions"}],"wp:featuredmedia":[{"embeddable":true,"href":"http:\/\/informateesquina.com\/index.php?rest_route=\/"}],"wp:attachment":[{"href":"http:\/\/informateesquina.com\/index.php?rest_route=%2Fwp%2Fv2%2Fmedia&parent=39637"}],"wp:term":[{"taxonomy":"category","embeddable":true,"href":"http:\/\/informateesquina.com\/index.php?rest_route=%2Fwp%2Fv2%2Fcategories&post=39637"},{"taxonomy":"post_tag","embeddable":true,"href":"http:\/\/informateesquina.com\/index.php?rest_route=%2Fwp%2Fv2%2Ftags&post=39637"}],"curies":[{"name":"wp","href":"https:\/\/api.w.org\/{rel}","templated":true}]}}