{"id":39648,"date":"2020-05-21T17:27:21","date_gmt":"2020-05-21T20:27:21","guid":{"rendered":"https:\/\/informateesquina.com\/?p=39648"},"modified":"2020-05-21T17:27:21","modified_gmt":"2020-05-21T20:27:21","slug":"por-que-subio-el-precio-de-los-huevos-y-hay-faltantes","status":"publish","type":"post","link":"http:\/\/informateesquina.com\/?p=39648","title":{"rendered":"Por qu\u00e9 subi\u00f3 el precio de los huevos y hay faltantes"},"content":{"rendered":"<h6 class=\"excerpt\" style=\"text-align: center;\">Los productores responsabilizan a la cadena de comercializaci\u00f3n por aumentos en el precio de los huevos. La demanda creci\u00f3 40%.<\/h6>\n<section class=\"detail-body content-protected-false\">\n<div class=\"detail-gallery\">\n<div class=\"gallery-container\">\n<div id=\"content-gallery\">\n<div id=\"fotogaleria-Object_32879_24326\" class=\"gallery\">\n<div class=\"snapshot-container owl-carousel\">\n<div class=\"media-wrapper image itemGallery classid7437015 wide-aspect-ratio\"><img decoding=\"async\" title=\"La demanda de huevos creci\u00f3 40%.\" src=\"https:\/\/media.ambito.com\/adjuntos\/239\/imagenes\/037\/678\/0037678633.jpg\" alt=\"La demanda de huevos creci\u00f3 40%.\" longdesc=\"https:\/\/media.ambito.com\/adjuntos\/239\/imagenes\/037\/678\/0037678633.jpg\" \/><\/p>\n<div class=\"gallery-header\"><\/div>\n<div class=\"credit-media with-content with-content\"><\/div>\n<\/div>\n<\/div>\n<\/div>\n<\/div>\n<\/div>\n<\/div>\n<\/section>\n<section class=\"detail-body first-paragraph\">\n<section id=\"note-body\" class=\"body-content note-body content-protected-false\" data-twitter-link=\"https:\/\/twitter.com\/intent\/tweet?url=https:\/\/www.ambito.com\/c5103797&amp;v\u00eda=Ambitocom&amp;related=\u00e1mbito.com&amp;text=\">La C\u00e1mara Argentina de Productores Av\u00edcolas (Capia) sostuvo que trabaja &#8220;para solucionar la compleja problem\u00e1tica del abastecimiento y el precio del huevo&#8221; ante el aumento registrado en la demanda desde que comenz\u00f3 la\u00a0<strong>cuarentena<\/strong>\u00a0y responsabiliz\u00f3 a la cadena de comercializaci\u00f3n por el aumento de\u00a0<strong>precios\u00a0al consumidor.<\/strong><\/p>\n<\/section>\n<\/section>\n<div class=\"banner-wrapper free-banner\">\n<div id=\"Brid_66322624_container\" class=\"brid-outstream\">\n<div id=\"Brid_66322624\" class=\"brid brid-default-skin brid-paused\">\n<div class=\"brid-holder\"><\/div>\n<\/div>\n<\/div>\n<\/div>\n<section class=\"related-note-in-body\">\n<article class=\"related-note-in-body-article row align-items-stretch no-gutters  \" data-type=\"article\">\n<div class=\"col\">\n<div class=\"info-wrapper\">\n<h6 class=\"title\">&#8220;Se est\u00e1 trabajando con las autoridades nacionales para encontrar una soluci\u00f3n a la compleja problem\u00e1tica del abastecimiento y el precio del huevo y hace saber a la poblaci\u00f3n que hoy los \u00fanicos beneficiarios de los incrementos registrados en los puntos de venta son quienes integran la cadena de comercializaci\u00f3n, que operan como los verdaderos formadores de precios&#8221;, expres\u00f3 la entidad en un comunicado.<\/h6>\n<\/div>\n<\/div>\n<\/article>\n<\/section>\n<section class=\"detail-body\">\n<section class=\"body-content note-body content-protected-false\">Al respecto, el presidente de la c\u00e1mara empresaria,\u00a0<strong>Javier Prida<\/strong>, indic\u00f3 que &#8220;el productor no es el formador del precio al que se vende el huevo al consumidor en los 50.000 comercios alimenticios del pa\u00eds&#8221;.<\/p>\n<p><img loading=\"lazy\" decoding=\"async\" class=\"alignnone size-medium wp-image-39650\" src=\"https:\/\/informateesquina.com\/wp-content\/uploads\/2020\/05\/Alimentacion-Nutricion_444468403_137962489_1024x576-300x169.jpg\" alt=\"\" width=\"300\" height=\"169\" \/><\/p>\n<p><strong>&#8220;Por el contrario, hoy el productor afronta el desaf\u00edo de sostener el abastecimiento al 100%, con una demanda que creci\u00f3 en un 40%, con costos al alza, menos animales y la baja productividad de los actuales lotes&#8221;<\/strong>, agreg\u00f3 el dirigente empresarial.<\/p>\n<p>Seg\u00fan la entidad,<strong>\u00a0el precio pagado al productor no subi\u00f3 desde octubre de 2019 con un incremento de costos promedio de entre el 15% y el 20% a nivel nacional.<\/strong><\/p>\n<p>As\u00ed, la entidad indic\u00f3 que\u00a0<strong>desde el inicio de la cuarentena el precio de venta del caj\u00f3n de 30 docenas a granel, tama\u00f1o grande, sin clasificar, es de $1500, y clasificado con envase primario y secundario es de $2.160, o sea $180 el maple.<\/strong><\/p>\n<p><img loading=\"lazy\" decoding=\"async\" class=\"alignnone size-medium wp-image-39649\" src=\"https:\/\/informateesquina.com\/wp-content\/uploads\/2020\/05\/portada-huevo-m-300x300.jpg\" alt=\"\" width=\"300\" height=\"300\" \/><\/p>\n<p>A partir de esto, fuentes de Capia afirmaron que en la actualidad un productor obtiene una rentabilidad de entre $8 y $10 por maple, cuando el comercio minorista lo vende entre $250 a $330 el maple alcanzando ganancias que superan entre tres y cuatro lo que paga al productor.<\/p>\n<p>En lo que respecta a los supermercado, aseguraron que los productores tienen un costo de producci\u00f3n de entre $85 y $90 por docena y la venden a p\u00e9rdida a $75 la docena menos los descuentos.<\/p>\n<p>&#8220;Luego, el consumidor paga $120 la docena, dejando un margen al supermercado del 66,66% por un producto que vende y cobra en 24 horas y lo paga a 60 d\u00edas&#8221;, adujo la entidad en un comunicado.<\/p>\n<p>&#8220;Hace ya dos meses Capia viene manifestando publicamente su inquietud por lo que podr\u00eda ser un eventual desnivel en la cadena en favor de los intermediarios y los comercios minoristas, que son los fijadores de precios para el p\u00fablico&#8221;, concluy\u00f3 el comunicado.<\/p>\n<\/section>\n<\/section>\n","protected":false},"excerpt":{"rendered":"<p>Los productores responsabilizan a la cadena de comercializaci\u00f3n por aumentos en el precio de los huevos. La demanda creci\u00f3 40%. La C\u00e1mara Argentina de Productores Av\u00edcolas (Capia) sostuvo que trabaja &#8220;para solucionar la compleja problem\u00e1tica del abastecimiento y el precio del huevo&#8221; ante el aumento registrado en la demanda desde que comenz\u00f3 la\u00a0cuarentena\u00a0y responsabiliz\u00f3 a [&hellip;]<\/p>\n","protected":false},"author":1,"featured_media":39649,"comment_status":"closed","ping_status":"closed","sticky":false,"template":"","format":"standard","meta":{"footnotes":""},"categories":[7],"tags":[136],"class_list":["post-39648","post","type-post","status-publish","format-standard","has-post-thumbnail","hentry","category-nacionales","tag-destacados"],"_links":{"self":[{"href":"http:\/\/informateesquina.com\/index.php?rest_route=\/wp\/v2\/posts\/39648","targetHints":{"allow":["GET"]}}],"collection":[{"href":"http:\/\/informateesquina.com\/index.php?rest_route=\/wp\/v2\/posts"}],"about":[{"href":"http:\/\/informateesquina.com\/index.php?rest_route=\/wp\/v2\/types\/post"}],"author":[{"embeddable":true,"href":"http:\/\/informateesquina.com\/index.php?rest_route=\/wp\/v2\/users\/1"}],"replies":[{"embeddable":true,"href":"http:\/\/informateesquina.com\/index.php?rest_route=%2Fwp%2Fv2%2Fcomments&post=39648"}],"version-history":[{"count":0,"href":"http:\/\/informateesquina.com\/index.php?rest_route=\/wp\/v2\/posts\/39648\/revisions"}],"wp:featuredmedia":[{"embeddable":true,"href":"http:\/\/informateesquina.com\/index.php?rest_route=\/"}],"wp:attachment":[{"href":"http:\/\/informateesquina.com\/index.php?rest_route=%2Fwp%2Fv2%2Fmedia&parent=39648"}],"wp:term":[{"taxonomy":"category","embeddable":true,"href":"http:\/\/informateesquina.com\/index.php?rest_route=%2Fwp%2Fv2%2Fcategories&post=39648"},{"taxonomy":"post_tag","embeddable":true,"href":"http:\/\/informateesquina.com\/index.php?rest_route=%2Fwp%2Fv2%2Ftags&post=39648"}],"curies":[{"name":"wp","href":"https:\/\/api.w.org\/{rel}","templated":true}]}}