{"id":39660,"date":"2020-05-21T20:29:22","date_gmt":"2020-05-21T23:29:22","guid":{"rendered":"https:\/\/informateesquina.com\/?p=39660"},"modified":"2020-05-21T20:29:22","modified_gmt":"2020-05-21T23:29:22","slug":"de-cuanto-sera-el-refuerzo-del-ife","status":"publish","type":"post","link":"http:\/\/informateesquina.com\/?p=39660","title":{"rendered":"\u00bfDe cu\u00e1nto ser\u00e1 el refuerzo del IFE?"},"content":{"rendered":"<article>\n<div id=\"detail-header\" class=\"article-header\">\n<div class=\"row\">\n<div class=\"col-12\">\n<div class=\"article-sub-title \">\n<h3>El cronograma iniciar\u00eda en junio.<\/h3>\n<\/div>\n<div class=\"article-date\">A pocos d\u00edas de que comience el mes de junio, el Gobierno a\u00fan analiza de cu\u00e1nto ser\u00e1 el monto que entregar\u00e1n en la segunda ronda del Ingreso Familiar de Emergencia (IFE), el cual comenzar\u00eda a abonarse el d\u00eda 3 del pr\u00f3ximo mes, para los beneficiarios que se anotaron luego del 27 de abril y para los que ya cobraron la primera cuota.<\/div>\n<\/div>\n<\/div>\n<\/div>\n<\/article>\n<div class=\"row\">\n<div class=\"col col-8\">\n<div class=\"banner-libre\"><\/div>\n<div class=\"banner-libre\"><\/div>\n<article class=\"article-body\">\n<div class=\"article-content\">\n<div class=\"cuerpo\" data-twitter-link=\"\">\n<p>Si bien, el jefe de Gabinete, Santiago\u00a0Cafiero\u00a0y la titular de la\u00a0Anses, Fernanda Raverta confirmaron que habr\u00e1 un segundo bono, a\u00fan no definieron el monto exacto. Por lo que\u00a0<strong>podr\u00eda ser una cifra menor a los 10.000 pesos que fueron entregados a los beneficiarios del IFE en la primera ronda.<\/strong><\/p>\n<p><span id=\"saysCMSEmphasisyfa1wquwxc\" class=\"saysCMSEmphasis\">&#8220;El monto del pr\u00f3ximo pago a\u00fan no est\u00e1 confirmado&#8221;, le dijeron a Clar\u00edn fuentes de la Anses.<\/span><\/p>\n<p>Los funcionarios consideran que la flexibilizaci\u00f3n de la cuarentena podr\u00eda permitir que las familias accedan a alg\u00fan tipo de trabajo o ingreso, lo cual podr\u00eda reducir el importe del segundo bono de Anses.<\/p>\n<p>Seg\u00fan la Jefatura de Gabinete, en estos dos meses de cuarentena, el Gobierno lleva gastados $380.000 millones en pol\u00edticas para mitigar el impacto de la crisis econ\u00f3mica, producida por la pandemia de\u00a0coronavirus. Por lo cual,\u00a0<strong>analizan hasta d\u00f3nde puede llegar el d\u00e9ficit fiscal y la emisi\u00f3n monetaria para solventar la problem\u00e1tica.<\/strong><\/p>\n<\/div>\n<\/div>\n<\/article>\n<\/div>\n<\/div>\n","protected":false},"excerpt":{"rendered":"<p>El cronograma iniciar\u00eda en junio. A pocos d\u00edas de que comience el mes de junio, el Gobierno a\u00fan analiza de cu\u00e1nto ser\u00e1 el monto que entregar\u00e1n en la segunda ronda del Ingreso Familiar de Emergencia (IFE), el cual comenzar\u00eda a abonarse el d\u00eda 3 del pr\u00f3ximo mes, para los beneficiarios que se anotaron luego del [&hellip;]<\/p>\n","protected":false},"author":1,"featured_media":39661,"comment_status":"closed","ping_status":"closed","sticky":false,"template":"","format":"standard","meta":{"footnotes":""},"categories":[7],"tags":[],"class_list":["post-39660","post","type-post","status-publish","format-standard","has-post-thumbnail","hentry","category-nacionales"],"_links":{"self":[{"href":"http:\/\/informateesquina.com\/index.php?rest_route=\/wp\/v2\/posts\/39660","targetHints":{"allow":["GET"]}}],"collection":[{"href":"http:\/\/informateesquina.com\/index.php?rest_route=\/wp\/v2\/posts"}],"about":[{"href":"http:\/\/informateesquina.com\/index.php?rest_route=\/wp\/v2\/types\/post"}],"author":[{"embeddable":true,"href":"http:\/\/informateesquina.com\/index.php?rest_route=\/wp\/v2\/users\/1"}],"replies":[{"embeddable":true,"href":"http:\/\/informateesquina.com\/index.php?rest_route=%2Fwp%2Fv2%2Fcomments&post=39660"}],"version-history":[{"count":0,"href":"http:\/\/informateesquina.com\/index.php?rest_route=\/wp\/v2\/posts\/39660\/revisions"}],"wp:featuredmedia":[{"embeddable":true,"href":"http:\/\/informateesquina.com\/index.php?rest_route=\/"}],"wp:attachment":[{"href":"http:\/\/informateesquina.com\/index.php?rest_route=%2Fwp%2Fv2%2Fmedia&parent=39660"}],"wp:term":[{"taxonomy":"category","embeddable":true,"href":"http:\/\/informateesquina.com\/index.php?rest_route=%2Fwp%2Fv2%2Fcategories&post=39660"},{"taxonomy":"post_tag","embeddable":true,"href":"http:\/\/informateesquina.com\/index.php?rest_route=%2Fwp%2Fv2%2Ftags&post=39660"}],"curies":[{"name":"wp","href":"https:\/\/api.w.org\/{rel}","templated":true}]}}