{"id":39666,"date":"2020-05-21T20:44:11","date_gmt":"2020-05-21T23:44:11","guid":{"rendered":"https:\/\/informateesquina.com\/?p=39666"},"modified":"2020-05-21T20:44:11","modified_gmt":"2020-05-21T23:44:11","slug":"covid-19-resistencia-vuelve-a-fase-1-y-anuncian-cuarentena-estricta","status":"publish","type":"post","link":"http:\/\/informateesquina.com\/?p=39666","title":{"rendered":"Covid-19: Resistencia vuelve a fase 1 y anuncian &#8220;cuarentena estricta&#8221;"},"content":{"rendered":"<p class=\"copete\">Lo confirm\u00f3 el intendente de Resistencia, Gustavo Mart\u00ednez, en un video.\u00a0\u00a0\u201cEs muy preocupante para nosotros la situaci\u00f3n\u201d, dijo. \u201cHay que tomar decisiones, es el momento de tomar medidas que vuelvan a la fase 1\u201d, anunci\u00f3.\u00a0\u00a0En dicho videoH habl\u00f3 de una cuarentena estricta despu\u00e9s del 24 de mayo.<\/p>\n<div class=\"fotos-y-videos\">\n<p>&nbsp;<\/p>\n<div class=\"tab-content\">\n<div id=\"fotos\" class=\"tab-pane fade in active\" role=\"tabpanel\"><a class=\"fotos-desarrollo unlink\" title=\"Covid-19: Resistencia vuelve a fase 1 y anuncian cuarentena estricta \" href=\"https:\/\/www.radiosudamericana.com\/notix\/multimedia\/imagenes\/fotos\/2020-05-21\/864089.jpg\"><img decoding=\"async\" class=\"img-responsive lazyload center-block\" src=\"https:\/\/www.radiosudamericana.com\/notix\/multimedia\/imagenes\/fotos\/2020-05-21\/864089.jpg\" alt=\"foto: Covid-19: Resistencia vuelve a fase 1 y anuncian cuarentena estricta \" \/><\/a><\/div>\n<\/div>\n<\/div>\n<p>&nbsp;<\/p>\n<div class=\"audios-desarrollo\">\n<div id=\"audio-1\">El propio intendente de Resistencia, Gustavo Mart\u00ednez, confirm\u00f3 que en Resistencia se volver\u00e1 a la Fase 1 de la cuarentena, debido al crecimiento en el n\u00famero de v\u00edctimas fatales y contagios por coronavirus.<\/div>\n<\/div>\n<div class=\"cuerpo\">\n<div class=\"audios-desarrollo encuerpo\">\n<div id=\"wvideo0\" class=\"jwplayer playlist-none\" tabindex=\"0\">\n<div id=\"wvideo0_jwpsrv\"><\/div>\n<\/div>\n<\/div>\n<p><strong>\u201cEs muy preocupante para nosotros la situaci\u00f3n\u201d, dijo. \u201cHay que tomar decisiones, es el momento de tomar medidas que vuelvan a la fase 1\u201d.\u00a0En este sentido sostuvo que habr\u00e1 cuarentena estricta despu\u00e9s del 24 de mayo y suspender\u00e1n tambi\u00e9n el transporte p\u00fablico de pasajeros.<\/strong><\/p>\n<p>\u201cNo se puede esperar m\u00e1s. Tenemos que regresar a la fase 1, estamos cansados pero tenemos que hacerlo porque se puede transformar en una tragedia y eso no queremos en Resistencia\u201d, dijo en el mensaje a todos los ciudadanos.<\/p>\n<div style=\"width: 720px;\" class=\"wp-video\"><video class=\"wp-video-shortcode\" id=\"video-39666-1\" width=\"720\" height=\"480\" preload=\"metadata\" controls=\"controls\"><source type=\"video\/mp4\" src=\"https:\/\/informateesquina.com\/wp-content\/uploads\/2020\/05\/RESISTENCIA.mp4?_=1\" \/><a href=\"https:\/\/informateesquina.com\/wp-content\/uploads\/2020\/05\/RESISTENCIA.mp4\">https:\/\/informateesquina.com\/wp-content\/uploads\/2020\/05\/RESISTENCIA.mp4<\/a><\/video><\/div>\n<\/div>\n","protected":false},"excerpt":{"rendered":"<p>Lo confirm\u00f3 el intendente de Resistencia, Gustavo Mart\u00ednez, en un video.\u00a0\u00a0\u201cEs muy preocupante para nosotros la situaci\u00f3n\u201d, dijo. \u201cHay que tomar decisiones, es el momento de tomar medidas que vuelvan a la fase 1\u201d, anunci\u00f3.\u00a0\u00a0En dicho videoH habl\u00f3 de una cuarentena estricta despu\u00e9s del 24 de mayo. &nbsp; &nbsp; El propio intendente de Resistencia, Gustavo [&hellip;]<\/p>\n","protected":false},"author":1,"featured_media":39667,"comment_status":"closed","ping_status":"closed","sticky":false,"template":"","format":"standard","meta":{"footnotes":""},"categories":[11],"tags":[],"class_list":["post-39666","post","type-post","status-publish","format-standard","has-post-thumbnail","hentry","category-sociedad"],"_links":{"self":[{"href":"http:\/\/informateesquina.com\/index.php?rest_route=\/wp\/v2\/posts\/39666","targetHints":{"allow":["GET"]}}],"collection":[{"href":"http:\/\/informateesquina.com\/index.php?rest_route=\/wp\/v2\/posts"}],"about":[{"href":"http:\/\/informateesquina.com\/index.php?rest_route=\/wp\/v2\/types\/post"}],"author":[{"embeddable":true,"href":"http:\/\/informateesquina.com\/index.php?rest_route=\/wp\/v2\/users\/1"}],"replies":[{"embeddable":true,"href":"http:\/\/informateesquina.com\/index.php?rest_route=%2Fwp%2Fv2%2Fcomments&post=39666"}],"version-history":[{"count":0,"href":"http:\/\/informateesquina.com\/index.php?rest_route=\/wp\/v2\/posts\/39666\/revisions"}],"wp:featuredmedia":[{"embeddable":true,"href":"http:\/\/informateesquina.com\/index.php?rest_route=\/"}],"wp:attachment":[{"href":"http:\/\/informateesquina.com\/index.php?rest_route=%2Fwp%2Fv2%2Fmedia&parent=39666"}],"wp:term":[{"taxonomy":"category","embeddable":true,"href":"http:\/\/informateesquina.com\/index.php?rest_route=%2Fwp%2Fv2%2Fcategories&post=39666"},{"taxonomy":"post_tag","embeddable":true,"href":"http:\/\/informateesquina.com\/index.php?rest_route=%2Fwp%2Fv2%2Ftags&post=39666"}],"curies":[{"name":"wp","href":"https:\/\/api.w.org\/{rel}","templated":true}]}}