{"id":39672,"date":"2020-05-22T11:33:01","date_gmt":"2020-05-22T14:33:01","guid":{"rendered":"https:\/\/informateesquina.com\/?p=39672"},"modified":"2020-05-22T11:33:01","modified_gmt":"2020-05-22T14:33:01","slug":"se-accidento-el-hijo-de-un-reconocido-chamamecero-correntino","status":"publish","type":"post","link":"http:\/\/informateesquina.com\/?p=39672","title":{"rendered":"Se accident\u00f3 el hijo de un reconocido chamamecero correntino"},"content":{"rendered":"<div class=\"col-md-12\">\n<h1 style=\"text-align: left;\"><span style=\"color: #666666; font-family: Roboto, sans-serif; font-size: 15px;\">Se trata de Roberto Mat\u00edas Galarza de 57 a\u00f1os, hijo de Roberto Galaza &#8220;el Zorzal&#8221; de Corrientes. Seg\u00fan precis\u00f3 el cronista de Radio Sudamericana, el accidente se produjo esta ma\u00f1ana sobre Av. Sarmiento. El hombre iba en moto y choc\u00f3 contra un auto estacionado.-\u00a0<\/span><\/h1>\n<div class=\"image_review_wrapper\">\n<div class=\"swiper-container swiper-container-horizontal swiper-container-android\">\n<div class=\"swiper-wrapper\">\n<div class=\"swiper-slide swiper-slide-active\"><a href=\"https:\/\/radiosudamericana.com\/notix\/multimedia\/imagenes\/fotos\/2020-05-22\/288627.jpg\"><img decoding=\"async\" class=\"img-responsive\" src=\"https:\/\/radiosudamericana.com\/notix\/multimedia\/imagenes\/fotos\/2020-05-22\/288627.jpg\" alt=\"Responsive image\" \/><\/a><\/div>\n<div class=\"swiper-slide swiper-slide-next\"><a href=\"https:\/\/radiosudamericana.com\/notix\/multimedia\/imagenes\/fotos\/2020-05-22\/647441.jpg\"><img decoding=\"async\" class=\"img-responsive\" src=\"https:\/\/radiosudamericana.com\/notix\/multimedia\/imagenes\/fotos\/2020-05-22\/647441.jpg\" alt=\"Responsive image\" \/><\/a><\/div>\n<div class=\"swiper-slide\"><a href=\"https:\/\/radiosudamericana.com\/notix\/multimedia\/imagenes\/fotos\/2020-05-22\/470116.jpg\"><img decoding=\"async\" class=\"img-responsive\" src=\"https:\/\/radiosudamericana.com\/notix\/multimedia\/imagenes\/fotos\/2020-05-22\/470116.jpg\" alt=\"Responsive image\" \/><\/a><\/div>\n<\/div>\n<\/div>\n<\/div>\n<\/div>\n<div class=\"col-md-12\">\n<div><\/div>\n<\/div>\n<p><img decoding=\"async\" class=\"img-responsive\" src=\"https:\/\/radiosudamericana.com\/notix\/multimedia\/imagenes\/fotos\/2020-05-22\/647441.jpg\" \/><\/p>\n<p><img decoding=\"async\" class=\"img-responsive\" src=\"https:\/\/radiosudamericana.com\/notix\/multimedia\/imagenes\/fotos\/2020-05-22\/470116.jpg\" \/><\/p>\n","protected":false},"excerpt":{"rendered":"<p>Se trata de Roberto Mat\u00edas Galarza de 57 a\u00f1os, hijo de Roberto Galaza &#8220;el Zorzal&#8221; de Corrientes. Seg\u00fan precis\u00f3 el cronista de Radio Sudamericana, el accidente se produjo esta ma\u00f1ana sobre Av. Sarmiento. El hombre iba en moto y choc\u00f3 contra un auto estacionado.-\u00a0<\/p>\n","protected":false},"author":1,"featured_media":39674,"comment_status":"closed","ping_status":"closed","sticky":false,"template":"","format":"standard","meta":{"footnotes":""},"categories":[8,11],"tags":[],"class_list":["post-39672","post","type-post","status-publish","format-standard","has-post-thumbnail","hentry","category-policiales","category-sociedad"],"_links":{"self":[{"href":"http:\/\/informateesquina.com\/index.php?rest_route=\/wp\/v2\/posts\/39672","targetHints":{"allow":["GET"]}}],"collection":[{"href":"http:\/\/informateesquina.com\/index.php?rest_route=\/wp\/v2\/posts"}],"about":[{"href":"http:\/\/informateesquina.com\/index.php?rest_route=\/wp\/v2\/types\/post"}],"author":[{"embeddable":true,"href":"http:\/\/informateesquina.com\/index.php?rest_route=\/wp\/v2\/users\/1"}],"replies":[{"embeddable":true,"href":"http:\/\/informateesquina.com\/index.php?rest_route=%2Fwp%2Fv2%2Fcomments&post=39672"}],"version-history":[{"count":0,"href":"http:\/\/informateesquina.com\/index.php?rest_route=\/wp\/v2\/posts\/39672\/revisions"}],"wp:featuredmedia":[{"embeddable":true,"href":"http:\/\/informateesquina.com\/index.php?rest_route=\/"}],"wp:attachment":[{"href":"http:\/\/informateesquina.com\/index.php?rest_route=%2Fwp%2Fv2%2Fmedia&parent=39672"}],"wp:term":[{"taxonomy":"category","embeddable":true,"href":"http:\/\/informateesquina.com\/index.php?rest_route=%2Fwp%2Fv2%2Fcategories&post=39672"},{"taxonomy":"post_tag","embeddable":true,"href":"http:\/\/informateesquina.com\/index.php?rest_route=%2Fwp%2Fv2%2Ftags&post=39672"}],"curies":[{"name":"wp","href":"https:\/\/api.w.org\/{rel}","templated":true}]}}