{"id":39828,"date":"2020-05-27T23:31:13","date_gmt":"2020-05-28T02:31:13","guid":{"rendered":"https:\/\/informateesquina.com\/?p=39828"},"modified":"2020-05-27T23:31:13","modified_gmt":"2020-05-28T02:31:13","slug":"robo-en-esquina-uno-de-los-detenidos-es-de-buenos-aires-y-tiene-antecedentes","status":"publish","type":"post","link":"http:\/\/informateesquina.com\/?p=39828","title":{"rendered":"Robo en Esquina: Uno de los detenidos es de Buenos Aires y tiene antecedentes"},"content":{"rendered":"<p>En la madrugada del pasado mi\u00e9rcoles ladrones hab\u00edan ingresaron a un local de telefon\u00eda celular ubicado por Avenida Juan Ram\u00f3n Vidal y Noain Ortigoza, y se hab\u00edan llevado m\u00e1s de 30 tel\u00e9fonos celulares, dinero en efectivo y un smart tv<\/p>\n<p>Tras este episodio, la polic\u00eda realiz\u00f3 un total de seis allanamientos que tuvieron como resultado la demora de cuatro personas, tres hombres y una mujer.<\/p>\n<p>D\u00edas posteriores la polic\u00eda obtuvo el dato de que por Moreno, cerca del r\u00edo, entre la maleza, hab\u00edan celulares escondidos. Inmediatamente la polic\u00eda se acerc\u00f3 hasta el lugar y encontraron una bolsa con 6 celulares y otros accesorios.<\/p>\n<p>Las cuatro personas detenidas ya declararon, uno de ellos es oriundo de la provincia de Buenos Aires y tiene antecedentes por robo con arma de fuego. Este ciudadano estaba hace cuatro o cinco meses en la localidad de Esquina.<\/p>\n","protected":false},"excerpt":{"rendered":"<p>En la madrugada del pasado mi\u00e9rcoles ladrones hab\u00edan ingresaron a un local de telefon\u00eda celular ubicado por Avenida Juan Ram\u00f3n Vidal y Noain Ortigoza, y se hab\u00edan llevado m\u00e1s de 30 tel\u00e9fonos celulares, dinero en efectivo y un smart tv Tras este episodio, la polic\u00eda realiz\u00f3 un total de seis allanamientos que tuvieron como resultado [&hellip;]<\/p>\n","protected":false},"author":1,"featured_media":39829,"comment_status":"closed","ping_status":"closed","sticky":false,"template":"","format":"standard","meta":{"footnotes":""},"categories":[8],"tags":[],"class_list":["post-39828","post","type-post","status-publish","format-standard","has-post-thumbnail","hentry","category-policiales"],"_links":{"self":[{"href":"http:\/\/informateesquina.com\/index.php?rest_route=\/wp\/v2\/posts\/39828","targetHints":{"allow":["GET"]}}],"collection":[{"href":"http:\/\/informateesquina.com\/index.php?rest_route=\/wp\/v2\/posts"}],"about":[{"href":"http:\/\/informateesquina.com\/index.php?rest_route=\/wp\/v2\/types\/post"}],"author":[{"embeddable":true,"href":"http:\/\/informateesquina.com\/index.php?rest_route=\/wp\/v2\/users\/1"}],"replies":[{"embeddable":true,"href":"http:\/\/informateesquina.com\/index.php?rest_route=%2Fwp%2Fv2%2Fcomments&post=39828"}],"version-history":[{"count":0,"href":"http:\/\/informateesquina.com\/index.php?rest_route=\/wp\/v2\/posts\/39828\/revisions"}],"wp:featuredmedia":[{"embeddable":true,"href":"http:\/\/informateesquina.com\/index.php?rest_route=\/"}],"wp:attachment":[{"href":"http:\/\/informateesquina.com\/index.php?rest_route=%2Fwp%2Fv2%2Fmedia&parent=39828"}],"wp:term":[{"taxonomy":"category","embeddable":true,"href":"http:\/\/informateesquina.com\/index.php?rest_route=%2Fwp%2Fv2%2Fcategories&post=39828"},{"taxonomy":"post_tag","embeddable":true,"href":"http:\/\/informateesquina.com\/index.php?rest_route=%2Fwp%2Fv2%2Ftags&post=39828"}],"curies":[{"name":"wp","href":"https:\/\/api.w.org\/{rel}","templated":true}]}}