{"id":45492,"date":"2021-01-26T23:45:13","date_gmt":"2021-01-27T02:45:13","guid":{"rendered":"https:\/\/informateesquina.com\/?p=45492"},"modified":"2021-01-26T23:45:13","modified_gmt":"2021-01-27T02:45:13","slug":"hasta-siempre-querida-profe-pesar-en-corrientes-por-el-fallecimiento-de-una-docente","status":"publish","type":"post","link":"http:\/\/informateesquina.com\/?p=45492","title":{"rendered":"&#8220;Hasta siempre querida profe&#8221;: pesar en Corrientes por el fallecimiento de una docente"},"content":{"rendered":"<header>\n<div>\n<p>La maestra ense\u00f1aba matem\u00e1ticas en el colegio Eloy Ortega.<\/p>\n<\/div>\n<\/header>\n<section class=\"body\">\n<section class=\"content\">\n<figure class=\"big-column\"><img decoding=\"async\" class=\"pic\" src=\"https:\/\/www.radiodos.com.ar\/content\/bucket\/5\/114115w980h620c.jpg\" alt=\"&quot;Hasta siempre querida profe&quot;: pesar en Corrientes por el fallecimiento de una docente \" \/><\/figure>\n<div class=\"main-text\">\n<div class=\"social\">\n<div class=\"share\"><\/div>\n<\/div>\n<p>En las \u00faltimas horas se conoci\u00f3 la triste noticia del fallecimiento de la docente Sonia Guadencio, que se desempe\u00f1aba como maestra de Matem\u00e1ticas en el colegio secundario Eloy Ortega. &#8220;Estamos muy triste. Hasta siempre querida profe&#8221;, postearon en el Facebook de dicha instituci\u00f3n de educativa situada en el barrio 17 de Agosto.<\/p>\n<div class=\"external\"><iframe loading=\"lazy\" src=\"https:\/\/www.facebook.com\/plugins\/post.php?href=https%3A%2F%2Fwww.facebook.com%2Fpermalink.php%3Fstory_fbid%3D2932650923630869%26id%3D2109698645926105&amp;width=500&amp;show_text=true&amp;height=530&amp;appId\" width=\"500\" height=\"530\" frameborder=\"0\" scrolling=\"no\" allowfullscreen=\"allowfullscreen\" data-mce-fragment=\"1\"><\/iframe><\/div>\n<p>Guadencio se encontraba internada en el hospital Vidal, y en los \u00faltimos d\u00edas se hizo un llamado solidario para solicitar dadores de sangre para la docente.<\/p>\n<p>Tras conocerse su fallecimiento, las redes sociales se inundaron de mensajes para despedir\u00e1 una docente que muchos lo calificaban como &#8220;gran persona&#8221; y que &#8220;siempre transmit\u00eda entereza y confianza a los alumnos.\u201d<\/p>\n<\/div>\n<\/section>\n<\/section>\n","protected":false},"excerpt":{"rendered":"<p>La maestra ense\u00f1aba matem\u00e1ticas en el colegio Eloy Ortega. En las \u00faltimas horas se conoci\u00f3 la triste noticia del fallecimiento de la docente Sonia Guadencio, que se desempe\u00f1aba como maestra de Matem\u00e1ticas en el colegio secundario Eloy Ortega. &#8220;Estamos muy triste. Hasta siempre querida profe&#8221;, postearon en el Facebook de dicha instituci\u00f3n de educativa situada [&hellip;]<\/p>\n","protected":false},"author":1,"featured_media":45493,"comment_status":"closed","ping_status":"closed","sticky":false,"template":"","format":"standard","meta":{"footnotes":""},"categories":[11],"tags":[136],"class_list":["post-45492","post","type-post","status-publish","format-standard","has-post-thumbnail","hentry","category-sociedad","tag-destacados"],"_links":{"self":[{"href":"http:\/\/informateesquina.com\/index.php?rest_route=\/wp\/v2\/posts\/45492","targetHints":{"allow":["GET"]}}],"collection":[{"href":"http:\/\/informateesquina.com\/index.php?rest_route=\/wp\/v2\/posts"}],"about":[{"href":"http:\/\/informateesquina.com\/index.php?rest_route=\/wp\/v2\/types\/post"}],"author":[{"embeddable":true,"href":"http:\/\/informateesquina.com\/index.php?rest_route=\/wp\/v2\/users\/1"}],"replies":[{"embeddable":true,"href":"http:\/\/informateesquina.com\/index.php?rest_route=%2Fwp%2Fv2%2Fcomments&post=45492"}],"version-history":[{"count":0,"href":"http:\/\/informateesquina.com\/index.php?rest_route=\/wp\/v2\/posts\/45492\/revisions"}],"wp:featuredmedia":[{"embeddable":true,"href":"http:\/\/informateesquina.com\/index.php?rest_route=\/"}],"wp:attachment":[{"href":"http:\/\/informateesquina.com\/index.php?rest_route=%2Fwp%2Fv2%2Fmedia&parent=45492"}],"wp:term":[{"taxonomy":"category","embeddable":true,"href":"http:\/\/informateesquina.com\/index.php?rest_route=%2Fwp%2Fv2%2Fcategories&post=45492"},{"taxonomy":"post_tag","embeddable":true,"href":"http:\/\/informateesquina.com\/index.php?rest_route=%2Fwp%2Fv2%2Ftags&post=45492"}],"curies":[{"name":"wp","href":"https:\/\/api.w.org\/{rel}","templated":true}]}}