{"id":45496,"date":"2021-01-27T18:58:36","date_gmt":"2021-01-27T21:58:36","guid":{"rendered":"https:\/\/informateesquina.com\/?p=45496"},"modified":"2021-01-27T18:58:36","modified_gmt":"2021-01-27T21:58:36","slug":"valdes-visitara-esquina-y-pueblo-libertador","status":"publish","type":"post","link":"http:\/\/informateesquina.com\/?p=45496","title":{"rendered":"Vald\u00e9s visitar\u00e1 Esquina y Pueblo Libertador"},"content":{"rendered":"<ol>\n<li>El se\u00f1or gobernador de Corrientes Gustavo Adolfo Valdes visita las localidades de Esquina y Libertador .<br \/>\nPROGRAMA DE ACTIVIDADES :<br \/>\nDia jueves 28 de enero 2021<br \/>\nArribo a paraje Guayquirar\u00f3 departamento de Esquina.<br \/>\n10:00 hs inauguraci\u00f3n del destacamento policial .<br \/>\nLIBERTADOR.<br \/>\n11:00 hs inauguraci\u00f3n de la segunda etapa de la ampliaci\u00f3n y refacciones del hospital Sagrado Coraz\u00f3n de Jes\u00fas .<br \/>\n12:00 hs recorrida de abras .<br \/>\nPlay\u00f3n deportivo y refacciones de la escuela N \u00ba 405<br \/>\nMuro perimetral del club Beron de Astrada.<br \/>\nESQUINA.<br \/>\n16 hs inauguraci\u00f3n comedor Santa Catalina .<br \/>\nRecorrida de obras<br \/>\nRefacciones del hospital San Roque<br \/>\nMuro perimetral y refacciones en Sociedad Sportiva Esquinense.<br \/>\nMuro perimetral y refacciones del club Sacachispa .<br \/>\n18 hs inauguraci\u00f3n de oficinas en la Sociedad Sportiva Esquinense .<br \/>\nEntrega de vienes de capital del programa Emprendedores Somos Todos.<br \/>\nEnripiado del barrio Bicentenario.<br \/>\nEntubado de calle Los Ceibo , ripio , iluminaci\u00f3n y cord\u00f3n cuneta de calles Juan Ramon Vidal y Hern\u00e1ndez .<\/li>\n<\/ol>\n","protected":false},"excerpt":{"rendered":"<p>El se\u00f1or gobernador de Corrientes Gustavo Adolfo Valdes visita las localidades de Esquina y Libertador . PROGRAMA DE ACTIVIDADES : Dia jueves 28 de enero 2021 Arribo a paraje Guayquirar\u00f3 departamento de Esquina. 10:00 hs inauguraci\u00f3n del destacamento policial . LIBERTADOR. 11:00 hs inauguraci\u00f3n de la segunda etapa de la ampliaci\u00f3n y refacciones del hospital [&hellip;]<\/p>\n","protected":false},"author":1,"featured_media":45497,"comment_status":"closed","ping_status":"closed","sticky":false,"template":"","format":"standard","meta":{"footnotes":""},"categories":[6,11],"tags":[],"class_list":["post-45496","post","type-post","status-publish","format-standard","has-post-thumbnail","hentry","category-locales","category-sociedad"],"_links":{"self":[{"href":"http:\/\/informateesquina.com\/index.php?rest_route=\/wp\/v2\/posts\/45496","targetHints":{"allow":["GET"]}}],"collection":[{"href":"http:\/\/informateesquina.com\/index.php?rest_route=\/wp\/v2\/posts"}],"about":[{"href":"http:\/\/informateesquina.com\/index.php?rest_route=\/wp\/v2\/types\/post"}],"author":[{"embeddable":true,"href":"http:\/\/informateesquina.com\/index.php?rest_route=\/wp\/v2\/users\/1"}],"replies":[{"embeddable":true,"href":"http:\/\/informateesquina.com\/index.php?rest_route=%2Fwp%2Fv2%2Fcomments&post=45496"}],"version-history":[{"count":0,"href":"http:\/\/informateesquina.com\/index.php?rest_route=\/wp\/v2\/posts\/45496\/revisions"}],"wp:featuredmedia":[{"embeddable":true,"href":"http:\/\/informateesquina.com\/index.php?rest_route=\/"}],"wp:attachment":[{"href":"http:\/\/informateesquina.com\/index.php?rest_route=%2Fwp%2Fv2%2Fmedia&parent=45496"}],"wp:term":[{"taxonomy":"category","embeddable":true,"href":"http:\/\/informateesquina.com\/index.php?rest_route=%2Fwp%2Fv2%2Fcategories&post=45496"},{"taxonomy":"post_tag","embeddable":true,"href":"http:\/\/informateesquina.com\/index.php?rest_route=%2Fwp%2Fv2%2Ftags&post=45496"}],"curies":[{"name":"wp","href":"https:\/\/api.w.org\/{rel}","templated":true}]}}