{"id":47605,"date":"2021-04-21T13:16:21","date_gmt":"2021-04-21T16:16:21","guid":{"rendered":"https:\/\/informateesquina.com\/?p=47605"},"modified":"2021-04-21T16:18:51","modified_gmt":"2021-04-21T19:18:51","slug":"se-hicieron-viral-los-ninos-que-van-a-la-escuela-con-barbijo-y-a-caballo","status":"publish","type":"post","link":"http:\/\/informateesquina.com\/?p=47605","title":{"rendered":"Se hicieron viral los ni\u00f1os que van a la escuela con barbijo y a caballo"},"content":{"rendered":"<div class=\"articulo__intro\">En los \u00faltimos d\u00edas se hicieron virales unos ni\u00f1os de la Escuela Primaria 585, del Paraje Baibiene, de la localidad de Curuz\u00fa Cuati\u00e1. Hasta la Ministra de Educaci\u00f3n de Corrientes, Susana Ben\u00edtez, comparti\u00f3 en sus redes el\u00a0 video donde se observa a los ni\u00f1os, con sus guardapolvos y barbijos, regresar de la escuela en sus caballos.<\/div>\n<div class=\"item articulo__main\">\n<div class=\"articulo__cuerpo\">\n<div class=\"css-1dbjc4n\">\n<div class=\"css-1dbjc4n r-1s2bzr4\">\n<div class=\"css-901oao r-18jsvk2 r-1qd0xha r-1blvdjr r-16dba41 r-vrz42v r-bcqeeo r-bnwqim r-qvutc0\">\n<div class=\"fixed-container f_height\"><\/div>\n<div>\n<div style=\"width: 640px;\" class=\"wp-video\"><video class=\"wp-video-shortcode\" id=\"video-47605-1\" width=\"640\" height=\"352\" preload=\"metadata\" controls=\"controls\"><source type=\"video\/mp4\" src=\"https:\/\/informateesquina.com\/wp-content\/uploads\/2021\/04\/WhatsApp-Video-2021-04-21-at-2.29.52-PM.mp4?_=1\" \/><a href=\"https:\/\/informateesquina.com\/wp-content\/uploads\/2021\/04\/WhatsApp-Video-2021-04-21-at-2.29.52-PM.mp4\">https:\/\/informateesquina.com\/wp-content\/uploads\/2021\/04\/WhatsApp-Video-2021-04-21-at-2.29.52-PM.mp4<\/a><\/video><\/div>\n<p><img loading=\"lazy\" decoding=\"async\" class=\"alignnone wp-image-47614 size-full\" src=\"https:\/\/informateesquina.com\/wp-content\/uploads\/2021\/04\/c34f4941-474f-44b8-b1e0-4b9b9792797c.jpg\" alt=\"\" width=\"1280\" height=\"605\" srcset=\"http:\/\/informateesquina.com\/wp-content\/uploads\/2021\/04\/c34f4941-474f-44b8-b1e0-4b9b9792797c.jpg 1280w, http:\/\/informateesquina.com\/wp-content\/uploads\/2021\/04\/c34f4941-474f-44b8-b1e0-4b9b9792797c-300x142.jpg 300w, http:\/\/informateesquina.com\/wp-content\/uploads\/2021\/04\/c34f4941-474f-44b8-b1e0-4b9b9792797c-1024x484.jpg 1024w, http:\/\/informateesquina.com\/wp-content\/uploads\/2021\/04\/c34f4941-474f-44b8-b1e0-4b9b9792797c-768x363.jpg 768w, http:\/\/informateesquina.com\/wp-content\/uploads\/2021\/04\/c34f4941-474f-44b8-b1e0-4b9b9792797c-750x354.jpg 750w, http:\/\/informateesquina.com\/wp-content\/uploads\/2021\/04\/c34f4941-474f-44b8-b1e0-4b9b9792797c-1140x539.jpg 1140w\" sizes=\"auto, (max-width: 1280px) 100vw, 1280px\" \/><\/p>\n<h3><strong>El M\u00e9dico Veterinario Dar\u00edo Bottero, quien film\u00f3 el video, habl\u00f3 con Radio Corrientes 101.1<\/strong><\/h3>\n<p>&#8220;Las postales impactan pero el charlar con los chicos es mucho m\u00e1s emocionante. Son de tres casas distintas. Los padres le encomiendan a sus compa\u00f1eritos al nene que va solo. La felicidad de ellos de estar en la escuela la verdad es que es emocionante, verlos en el medio de la nada, con sus guardapolvos impecables, en caballo y con barbijo, es impresionante&#8221;, explic\u00f3.<\/p>\n<div style=\"width: 640px;\" class=\"wp-video\"><video class=\"wp-video-shortcode\" id=\"video-47605-2\" width=\"640\" height=\"360\" preload=\"metadata\" controls=\"controls\"><source type=\"video\/mp4\" src=\"https:\/\/informateesquina.com\/wp-content\/uploads\/2021\/04\/WhatsApp-Audio-2021-04-21-at-10.30.13-AM.mp4?_=2\" \/><a href=\"https:\/\/informateesquina.com\/wp-content\/uploads\/2021\/04\/WhatsApp-Audio-2021-04-21-at-10.30.13-AM.mp4\">https:\/\/informateesquina.com\/wp-content\/uploads\/2021\/04\/WhatsApp-Audio-2021-04-21-at-10.30.13-AM.mp4<\/a><\/video><\/div>\n<h3><strong>Estela Riquelme, la maestra de los ni\u00f1os tambi\u00e9n habl\u00f3 con Radio Corrientes 101.1<\/strong><\/h3>\n<p>&#8220;Les lleva una hora a caballo, es un sacrificio. Tienen entre 6 y 14 a\u00f1os, es impresionante la voluntad que tienen. Antes iban a dedo pero ahora por protocolo no pueden hacerlo y van a caballo. Monchito me dijo que va a ir unos d\u00edas m\u00e1s a caballo y despu\u00e9s no s\u00e9, ir\u00e1 caminando. Uno de los hermanitos que salen en el video viven en un paraje que todav\u00eda no tiene energ\u00eda el\u00e9ctrica, el a\u00f1o pasado yo armaba los cuadernillos y ellos se manejaban de esa manera&#8221;, coment\u00f3.<\/p>\n<p>&#8220;Nos sorprende verlos en un video y que llamen tanto la atenci\u00f3n, porque para nosotros es normal. Nosotros estamos acostumbrados a ver esto, a ayudarlos y a re\u00edrnos con ellos porque son de graciosos, son vivencias que uno no se olvida&#8221;.<\/p>\n<p>La docente explic\u00f3 que est\u00e1n necesitando para los ni\u00f1os juegos como hamacas, toboganes, pelotas y dem\u00e1s. Tambi\u00e9n les servir\u00eda una heladera para que lleven agua fresca en el regreso a casa, sobre todo por el largo viaje que les queda por delante.<\/p>\n<div style=\"width: 640px;\" class=\"wp-video\"><video class=\"wp-video-shortcode\" id=\"video-47605-3\" width=\"640\" height=\"360\" preload=\"metadata\" controls=\"controls\"><source type=\"video\/mp4\" src=\"https:\/\/informateesquina.com\/wp-content\/uploads\/2021\/04\/WhatsApp-Audio-2021-04-21-at-10.30.13-AM-1.mp4?_=3\" \/><a href=\"https:\/\/informateesquina.com\/wp-content\/uploads\/2021\/04\/WhatsApp-Audio-2021-04-21-at-10.30.13-AM-1.mp4\">https:\/\/informateesquina.com\/wp-content\/uploads\/2021\/04\/WhatsApp-Audio-2021-04-21-at-10.30.13-AM-1.mp4<\/a><\/video><\/div>\n<p>&nbsp;<\/p>\n<p><img loading=\"lazy\" decoding=\"async\" class=\"alignnone wp-image-47615 size-full\" src=\"https:\/\/informateesquina.com\/wp-content\/uploads\/2021\/04\/220258ed-be3c-463d-b876-e6740a2aeefd.jpg\" alt=\"\" width=\"1280\" height=\"605\" srcset=\"http:\/\/informateesquina.com\/wp-content\/uploads\/2021\/04\/220258ed-be3c-463d-b876-e6740a2aeefd.jpg 1280w, http:\/\/informateesquina.com\/wp-content\/uploads\/2021\/04\/220258ed-be3c-463d-b876-e6740a2aeefd-300x142.jpg 300w, http:\/\/informateesquina.com\/wp-content\/uploads\/2021\/04\/220258ed-be3c-463d-b876-e6740a2aeefd-1024x484.jpg 1024w, http:\/\/informateesquina.com\/wp-content\/uploads\/2021\/04\/220258ed-be3c-463d-b876-e6740a2aeefd-768x363.jpg 768w, http:\/\/informateesquina.com\/wp-content\/uploads\/2021\/04\/220258ed-be3c-463d-b876-e6740a2aeefd-750x354.jpg 750w, http:\/\/informateesquina.com\/wp-content\/uploads\/2021\/04\/220258ed-be3c-463d-b876-e6740a2aeefd-1140x539.jpg 1140w\" sizes=\"auto, (max-width: 1280px) 100vw, 1280px\" \/><\/p>\n<p><strong>Ellos son: Monchito, Aimar\u00e1, Aldana, Damian , Federico, Daniel<\/strong><\/p>\n<\/div>\n<div style=\"width: 640px;\" class=\"wp-video\"><video class=\"wp-video-shortcode\" id=\"video-47605-4\" width=\"640\" height=\"352\" preload=\"metadata\" controls=\"controls\"><source type=\"video\/mp4\" src=\"https:\/\/informateesquina.com\/wp-content\/uploads\/2021\/04\/WhatsApp-Video-2021-04-21-at-11.54.36-AM.mp4?_=4\" \/><a href=\"https:\/\/informateesquina.com\/wp-content\/uploads\/2021\/04\/WhatsApp-Video-2021-04-21-at-11.54.36-AM.mp4\">https:\/\/informateesquina.com\/wp-content\/uploads\/2021\/04\/WhatsApp-Video-2021-04-21-at-11.54.36-AM.mp4<\/a><\/video><\/div>\n<p>&nbsp;<\/p>\n<\/div>\n<\/div>\n<\/div>\n<\/div>\n<\/div>\n","protected":false},"excerpt":{"rendered":"<p>En los \u00faltimos d\u00edas se hicieron virales unos ni\u00f1os de la Escuela Primaria 585, del Paraje Baibiene, de la localidad de Curuz\u00fa Cuati\u00e1. Hasta la Ministra de Educaci\u00f3n de Corrientes, Susana Ben\u00edtez, comparti\u00f3 en sus redes el\u00a0 video donde se observa a los ni\u00f1os, con sus guardapolvos y barbijos, regresar de la escuela en sus [&hellip;]<\/p>\n","protected":false},"author":3,"featured_media":47607,"comment_status":"open","ping_status":"open","sticky":false,"template":"","format":"standard","meta":{"footnotes":""},"categories":[10,11],"tags":[136],"class_list":["post-47605","post","type-post","status-publish","format-standard","has-post-thumbnail","hentry","category-provinciales","category-sociedad","tag-destacados"],"_links":{"self":[{"href":"http:\/\/informateesquina.com\/index.php?rest_route=\/wp\/v2\/posts\/47605","targetHints":{"allow":["GET"]}}],"collection":[{"href":"http:\/\/informateesquina.com\/index.php?rest_route=\/wp\/v2\/posts"}],"about":[{"href":"http:\/\/informateesquina.com\/index.php?rest_route=\/wp\/v2\/types\/post"}],"author":[{"embeddable":true,"href":"http:\/\/informateesquina.com\/index.php?rest_route=\/wp\/v2\/users\/3"}],"replies":[{"embeddable":true,"href":"http:\/\/informateesquina.com\/index.php?rest_route=%2Fwp%2Fv2%2Fcomments&post=47605"}],"version-history":[{"count":0,"href":"http:\/\/informateesquina.com\/index.php?rest_route=\/wp\/v2\/posts\/47605\/revisions"}],"wp:featuredmedia":[{"embeddable":true,"href":"http:\/\/informateesquina.com\/index.php?rest_route=\/wp\/v2\/media\/47607"}],"wp:attachment":[{"href":"http:\/\/informateesquina.com\/index.php?rest_route=%2Fwp%2Fv2%2Fmedia&parent=47605"}],"wp:term":[{"taxonomy":"category","embeddable":true,"href":"http:\/\/informateesquina.com\/index.php?rest_route=%2Fwp%2Fv2%2Fcategories&post=47605"},{"taxonomy":"post_tag","embeddable":true,"href":"http:\/\/informateesquina.com\/index.php?rest_route=%2Fwp%2Fv2%2Ftags&post=47605"}],"curies":[{"name":"wp","href":"https:\/\/api.w.org\/{rel}","templated":true}]}}