{"id":47666,"date":"2021-04-25T17:54:40","date_gmt":"2021-04-25T20:54:40","guid":{"rendered":"https:\/\/informateesquina.com\/?p=47666"},"modified":"2021-04-25T17:54:40","modified_gmt":"2021-04-25T20:54:40","slug":"escandalo-en-esquina-por-una-nueva-multitudinaria-fiesta-en-un-bar-de-la-costanera","status":"publish","type":"post","link":"http:\/\/informateesquina.com\/?p=47666","title":{"rendered":"Esc\u00e1ndalo en Esquina por una nueva multitudinaria fiesta en un bar de la Costanera"},"content":{"rendered":"<header class=\"td-post-title\">\n<p class=\"\">Otra vez la ciudad de Esquina volvi\u00f3 a quedar envuelta en un esc\u00e1ndalo por una multitudinaria fiesta clandestina, esta vez en un conocido bar de la costanera que se realiz\u00f3 con la presencia de cientos de personas sin ning\u00fan tipo de distanciamientos ni uso de barbijo y ante la indiferencia total de la Municipalidad.<\/p>\n<div class=\"td-post-sharing td-post-sharing-top td-with-like\">\n<div class=\"td-default-sharing\">\u00a0<i class=\"td-icon-googleplus\"><\/i><\/div>\n<\/div>\n<\/header>\n<div id=\"article-photo-carousel\" class=\"carousel slide article-slide\">\n<div class=\"carousel-inner cont-slider\">\n<div class=\"item active\"><a class=\"fotos-desarrollo\" href=\"https:\/\/diariolarepublica.com.ar\/new\/wp-content\/uploads\/\"><img decoding=\"async\" title=\"\" src=\"https:\/\/diariolarepublica.com.ar\/new\/wp-content\/uploads\/\" alt=\"\" \/><\/a><\/div>\n<div class=\"item active\"><a class=\"fotos-desarrollo\" href=\"https:\/\/diariolarepublica.com.ar\/notix\/multimedia\/imagenes\/fotos\/2021-04-25\/730764_grande.jpg\"><img decoding=\"async\" title=\"\" src=\"https:\/\/diariolarepublica.com.ar\/notix\/multimedia\/imagenes\/fotos\/2021-04-25\/730764_grande.jpg\" alt=\"\" \/><\/a><\/div>\n<\/div>\n<\/div>\n<div>\n<div class=\"embed-responsive embed-responsive-16by9\"><\/div>\n<div>\n<div style=\"width: 640px;\" class=\"wp-video\"><video class=\"wp-video-shortcode\" id=\"video-47666-1\" width=\"640\" height=\"352\" preload=\"metadata\" controls=\"controls\"><source type=\"video\/mp4\" src=\"https:\/\/informateesquina.com\/wp-content\/uploads\/2021\/04\/WhatsApp-Video-2021-04-25-at-5.26.45-PM.mp4?_=1\" \/><a href=\"https:\/\/informateesquina.com\/wp-content\/uploads\/2021\/04\/WhatsApp-Video-2021-04-25-at-5.26.45-PM.mp4\">https:\/\/informateesquina.com\/wp-content\/uploads\/2021\/04\/WhatsApp-Video-2021-04-25-at-5.26.45-PM.mp4<\/a><\/video><\/div>\n<\/div>\n<\/div>\n<p>La fiesta se llev\u00f3 en la noche de este s\u00e1bado en el bar Dublin, ubicado sobre la costanera de Esquina, donde cientos de j\u00f3venes se dieron cita en una fiesta que no ten\u00eda incluido al parecer uso de barbijos o distanciamientos.<\/p>\n<p>Entre s\u00e1bado y domingo en Esquina se detectaron nueve casos de Covid-19 de acuerdo a los reportes oficiales del Ministerio de Salud P\u00fablica.<\/p>\n<p>Las im\u00e1genes de la fiesta de este s\u00e1bado se viralizaron este mismo domingo por medio de las redes sociales y generaron gran repudio en gran parte de la sociedad de Esquina que levant\u00f3 sus cr\u00edticas hacia el municipio a cargo del justicialista Hugo Ben\u00edtez.<\/p>\n<p>Las miradas apuntan a la gesti\u00f3n municipal por su pasividad a la hora de evitar este tipo de eventos y vuelven a dejar al jefe comunal en el medio de una tormenta de fuertes cr\u00edticas.<\/p>\n","protected":false},"excerpt":{"rendered":"<p>Otra vez la ciudad de Esquina volvi\u00f3 a quedar envuelta en un esc\u00e1ndalo por una multitudinaria fiesta clandestina, esta vez en un conocido bar de la costanera que se realiz\u00f3 con la presencia de cientos de personas sin ning\u00fan tipo de distanciamientos ni uso de barbijo y ante la indiferencia total de la Municipalidad. \u00a0 [&hellip;]<\/p>\n","protected":false},"author":3,"featured_media":47668,"comment_status":"open","ping_status":"open","sticky":false,"template":"","format":"standard","meta":{"footnotes":""},"categories":[6,11],"tags":[136],"class_list":["post-47666","post","type-post","status-publish","format-standard","has-post-thumbnail","hentry","category-locales","category-sociedad","tag-destacados"],"_links":{"self":[{"href":"http:\/\/informateesquina.com\/index.php?rest_route=\/wp\/v2\/posts\/47666","targetHints":{"allow":["GET"]}}],"collection":[{"href":"http:\/\/informateesquina.com\/index.php?rest_route=\/wp\/v2\/posts"}],"about":[{"href":"http:\/\/informateesquina.com\/index.php?rest_route=\/wp\/v2\/types\/post"}],"author":[{"embeddable":true,"href":"http:\/\/informateesquina.com\/index.php?rest_route=\/wp\/v2\/users\/3"}],"replies":[{"embeddable":true,"href":"http:\/\/informateesquina.com\/index.php?rest_route=%2Fwp%2Fv2%2Fcomments&post=47666"}],"version-history":[{"count":0,"href":"http:\/\/informateesquina.com\/index.php?rest_route=\/wp\/v2\/posts\/47666\/revisions"}],"wp:featuredmedia":[{"embeddable":true,"href":"http:\/\/informateesquina.com\/index.php?rest_route=\/wp\/v2\/media\/47668"}],"wp:attachment":[{"href":"http:\/\/informateesquina.com\/index.php?rest_route=%2Fwp%2Fv2%2Fmedia&parent=47666"}],"wp:term":[{"taxonomy":"category","embeddable":true,"href":"http:\/\/informateesquina.com\/index.php?rest_route=%2Fwp%2Fv2%2Fcategories&post=47666"},{"taxonomy":"post_tag","embeddable":true,"href":"http:\/\/informateesquina.com\/index.php?rest_route=%2Fwp%2Fv2%2Ftags&post=47666"}],"curies":[{"name":"wp","href":"https:\/\/api.w.org\/{rel}","templated":true}]}}