{"id":47671,"date":"2021-04-26T12:48:14","date_gmt":"2021-04-26T15:48:14","guid":{"rendered":"https:\/\/informateesquina.com\/?p=47671"},"modified":"2021-04-26T12:48:14","modified_gmt":"2021-04-26T15:48:14","slug":"esquina-advierten-que-aplicaran-multas-a-los-locales-que-no-cumplan-con-los-horarios","status":"publish","type":"post","link":"http:\/\/informateesquina.com\/?p=47671","title":{"rendered":"Esquina: advierten que aplicar\u00e1n multas a los locales que no cumplan con los horarios"},"content":{"rendered":"<p>El secretario coordinador del municipio, Luis Ram\u00f3n Ojeda, en di\u00e1logo con Comunic\u00e1ndonos manifest\u00f3 que el fin de semana se realizaron varias fiestas clandestinas en Esquina.<\/p>\n<p>COMERCIOS<\/p>\n<p>\u201cTenemos algunos lugares que vienen incumpliendo con el tema de los horarios y eso es lo que nos preocupa\u201d, dijo. \u201cEl intendente tiene la mejor predisposici\u00f3n para que entre todos busquemos un camino de unidad, mediante un trabajo en conjunto\u201d, agreg\u00f3.<\/p>\n<p>\u201cNo nos parece una \u00e9poca en la que debamos utilizar las multas, pero si no nos queda otro camino y algunos negocios no nos acompa\u00f1an, nos vamos a ver obligados a hacerlo. Vamos a hablar con los due\u00f1os de los locales y las multas las vamos a aplicar a las propiedades, as\u00ed que vamos a buscar una soluci\u00f3n alternativa porque parece que algunos no entienden que estamos en la segunda ola a nivel pa\u00eds y nosotros no encontramos motivo para exponer a la poblaci\u00f3n, por unos pocos que no quieren cumplir con las normas\u201d.<\/p>\n<p>&nbsp;<\/p>\n<p>FIESTAS CLANDESTINAS<\/p>\n<p>\u201cTengo conocimiento de algunos lugares donde se acerc\u00f3 la polic\u00eda, pidiendo el permiso de autorizaci\u00f3n y en su gran mayor\u00eda no lo ten\u00edan. Hubo una familia que ten\u00eda el permiso para la semana pasada, pero como no pudieron hacerlo la pasaron para este s\u00e1bado, sin comunicarnos a nosotros. En definitiva, no ten\u00edan permiso\u201d, coment\u00f3.<\/p>\n<p>Por otra parte, Ojeda explic\u00f3 que pidieron colaboraci\u00f3n a la polic\u00eda para cerrar a las 00 horas todos los bares, comedores y boliches, como est\u00e1 en la resoluci\u00f3n municipal, pero los agentes respondieron que estaban habilitados hasta las 3 de la madrugada. \u201cNo entiendo por qu\u00e9, es como que este fin de semana nos hemos sentido desprotegidos por la polic\u00eda provincial. Me voy a ir a hablar con los tres comisarios de nuestro municipio para ver qu\u00e9 paso este fin de semana. Nosotros necesitamos que acompa\u00f1en y trabajen para proteger la salud de los esquinenses\u201d, explic\u00f3.<\/p>\n<p>&nbsp;<\/p>\n","protected":false},"excerpt":{"rendered":"<p>El secretario coordinador del municipio, Luis Ram\u00f3n Ojeda, en di\u00e1logo con Comunic\u00e1ndonos manifest\u00f3 que el fin de semana se realizaron varias fiestas clandestinas en Esquina. COMERCIOS \u201cTenemos algunos lugares que vienen incumpliendo con el tema de los horarios y eso es lo que nos preocupa\u201d, dijo. \u201cEl intendente tiene la mejor predisposici\u00f3n para que entre [&hellip;]<\/p>\n","protected":false},"author":3,"featured_media":47672,"comment_status":"open","ping_status":"open","sticky":false,"template":"","format":"standard","meta":{"footnotes":""},"categories":[6,11],"tags":[136],"class_list":["post-47671","post","type-post","status-publish","format-standard","has-post-thumbnail","hentry","category-locales","category-sociedad","tag-destacados"],"_links":{"self":[{"href":"http:\/\/informateesquina.com\/index.php?rest_route=\/wp\/v2\/posts\/47671","targetHints":{"allow":["GET"]}}],"collection":[{"href":"http:\/\/informateesquina.com\/index.php?rest_route=\/wp\/v2\/posts"}],"about":[{"href":"http:\/\/informateesquina.com\/index.php?rest_route=\/wp\/v2\/types\/post"}],"author":[{"embeddable":true,"href":"http:\/\/informateesquina.com\/index.php?rest_route=\/wp\/v2\/users\/3"}],"replies":[{"embeddable":true,"href":"http:\/\/informateesquina.com\/index.php?rest_route=%2Fwp%2Fv2%2Fcomments&post=47671"}],"version-history":[{"count":0,"href":"http:\/\/informateesquina.com\/index.php?rest_route=\/wp\/v2\/posts\/47671\/revisions"}],"wp:featuredmedia":[{"embeddable":true,"href":"http:\/\/informateesquina.com\/index.php?rest_route=\/wp\/v2\/media\/47672"}],"wp:attachment":[{"href":"http:\/\/informateesquina.com\/index.php?rest_route=%2Fwp%2Fv2%2Fmedia&parent=47671"}],"wp:term":[{"taxonomy":"category","embeddable":true,"href":"http:\/\/informateesquina.com\/index.php?rest_route=%2Fwp%2Fv2%2Fcategories&post=47671"},{"taxonomy":"post_tag","embeddable":true,"href":"http:\/\/informateesquina.com\/index.php?rest_route=%2Fwp%2Fv2%2Ftags&post=47671"}],"curies":[{"name":"wp","href":"https:\/\/api.w.org\/{rel}","templated":true}]}}