{"id":47674,"date":"2021-04-26T13:00:30","date_gmt":"2021-04-26T16:00:30","guid":{"rendered":"https:\/\/informateesquina.com\/?p=47674"},"modified":"2021-04-26T13:00:30","modified_gmt":"2021-04-26T16:00:30","slug":"esquina-fue-un-vecino-quien-denuncio-ante-fiscalia-al-bar-de-la-costanera","status":"publish","type":"post","link":"http:\/\/informateesquina.com\/?p=47674","title":{"rendered":"Esquina: fue un vecino quien denunci\u00f3 ante fiscal\u00eda al bar de la costanera"},"content":{"rendered":"<p>El Comisario Mayor H\u00e9ctor Montiel di\u00e1logo con Comunic\u00e1ndonos sobre la fiesta ilegal en un bar de la costanera, hecho que se vi\u00f3 reflejado en los diferentes medios de la provincia. <strong>Montiel coment\u00f3 que en fiscal\u00eda se recibi\u00f3 la denuncia de un vecino que estaba molesto por una fiesta y muchas personas en un local por la avenida costanera, y que fue por orden del fiscal que intervino la polic\u00eda y suspendi\u00f3 el evento.<\/strong><\/p>\n<p><strong><span style=\"color: #ff0000;\">HORARIO DE LOS COMERCIOS<\/span><\/strong><\/p>\n<p>Luego de que el secretario coordinador del municipio, Luis Ram\u00f3n Ojeda, haya cuestionado la \u201cfalta de acompa\u00f1amiento de la polic\u00eda\u201d, para hacer cumplir con el horario comercial permitido por el municipio (las 00 horas), Montiel explic\u00f3 que la polic\u00eda depende exclusivamente al gobernador de la provincia de Corrientes, del ministro de seguridad de la provincia, del jefe de polic\u00eda provincial y de cada uno de los comisarios a cargo de las comisar\u00edas y no dependen de los intendentes, por lo cual tienen que cumplir orden de sus autoridades. \u201cSi el gobernador no dispone que Esquina vaya a fase 3, nosotros no podemos disponer lo contrario. Si no cambia de fase no podemos hacer cumplir lo de las 00 horas\u201d, se\u00f1al\u00f3.<\/p>\n<p>&nbsp;<\/p>\n<p>&nbsp;<\/p>\n","protected":false},"excerpt":{"rendered":"<p>El Comisario Mayor H\u00e9ctor Montiel di\u00e1logo con Comunic\u00e1ndonos sobre la fiesta ilegal en un bar de la costanera, hecho que se vi\u00f3 reflejado en los diferentes medios de la provincia. Montiel coment\u00f3 que en fiscal\u00eda se recibi\u00f3 la denuncia de un vecino que estaba molesto por una fiesta y muchas personas en un local por [&hellip;]<\/p>\n","protected":false},"author":3,"featured_media":47668,"comment_status":"open","ping_status":"open","sticky":false,"template":"","format":"standard","meta":{"footnotes":""},"categories":[6,11],"tags":[],"class_list":["post-47674","post","type-post","status-publish","format-standard","has-post-thumbnail","hentry","category-locales","category-sociedad"],"_links":{"self":[{"href":"http:\/\/informateesquina.com\/index.php?rest_route=\/wp\/v2\/posts\/47674","targetHints":{"allow":["GET"]}}],"collection":[{"href":"http:\/\/informateesquina.com\/index.php?rest_route=\/wp\/v2\/posts"}],"about":[{"href":"http:\/\/informateesquina.com\/index.php?rest_route=\/wp\/v2\/types\/post"}],"author":[{"embeddable":true,"href":"http:\/\/informateesquina.com\/index.php?rest_route=\/wp\/v2\/users\/3"}],"replies":[{"embeddable":true,"href":"http:\/\/informateesquina.com\/index.php?rest_route=%2Fwp%2Fv2%2Fcomments&post=47674"}],"version-history":[{"count":0,"href":"http:\/\/informateesquina.com\/index.php?rest_route=\/wp\/v2\/posts\/47674\/revisions"}],"wp:featuredmedia":[{"embeddable":true,"href":"http:\/\/informateesquina.com\/index.php?rest_route=\/wp\/v2\/media\/47668"}],"wp:attachment":[{"href":"http:\/\/informateesquina.com\/index.php?rest_route=%2Fwp%2Fv2%2Fmedia&parent=47674"}],"wp:term":[{"taxonomy":"category","embeddable":true,"href":"http:\/\/informateesquina.com\/index.php?rest_route=%2Fwp%2Fv2%2Fcategories&post=47674"},{"taxonomy":"post_tag","embeddable":true,"href":"http:\/\/informateesquina.com\/index.php?rest_route=%2Fwp%2Fv2%2Ftags&post=47674"}],"curies":[{"name":"wp","href":"https:\/\/api.w.org\/{rel}","templated":true}]}}