{"id":47738,"date":"2021-04-28T03:38:07","date_gmt":"2021-04-28T06:38:07","guid":{"rendered":"https:\/\/informateesquina.com\/?p=47738"},"modified":"2021-04-28T03:39:07","modified_gmt":"2021-04-28T06:39:07","slug":"47738","status":"publish","type":"post","link":"http:\/\/informateesquina.com\/?p=47738","title":{"rendered":"Quienes tuvieron covid tienen m\u00e1s posibilidad de morirse dentro de 6 meses"},"content":{"rendered":"<h1><span style=\"color: #333333; font-size: 15px;\">Incluye a los asintom\u00e1ticos y a los que no tuvieron complicaciones. Es de acuerdo al que se cree es el estudio integral m\u00e1s grande de Covid-19 hasta la fecha<\/span><\/h1>\n<div class=\"fotos-y-videos\">\n<div class=\"tab-content\">\n<div id=\"fotos\" class=\"tab-pane fade in active\" role=\"tabpanel\"><a class=\"fotos-desarrollo unlink\" title=\"Quienes tuvieron covid tienen m\u00e1s posibilidad de morirse dentro de 6 meses\" href=\"https:\/\/www.radiosudamericana.com\/notix\/multimedia\/imagenes\/fotos\/2021-04-27\/828775.jpg\"><img decoding=\"async\" class=\"img-responsive lazyload center-block\" src=\"https:\/\/www.radiosudamericana.com\/notix\/multimedia\/imagenes\/fotos\/2021-04-27\/828775.jpg\" alt=\"Quienes tuvieron covid tienen m\u00e1s posibilidad de morirse dentro de 6 meses\" \/><\/a><\/div>\n<\/div>\n<\/div>\n<p>&nbsp;<\/p>\n<div class=\"cuerpo\">\n<p>Superar el\u00a0coronavirus\u00a0es\u00a0motivo de alegr\u00eda y hasta de festejo. El maldito virus nos atemoriza y somete desde hace m\u00e1s de un a\u00f1o y, claro, cuando alguien logra vencerlo lo festejamos como un gol en la final del Mundial. Pero puede que, siguiendo con\u00a0la analog\u00eda futbolera,\u00a0el partido todav\u00eda no haya terminado.<\/p>\n<p><a class=\"fotos-desarrollo unlink\" title=\"Quienes tuvieron covid tienen m\u00e1s posibilidad de morirse dentro de 6 meses\" href=\"https:\/\/www.radiosudamericana.com\/notix\/multimedia\/imagenes\/fotos\/2021-04-27\/446302.jpg\"><img decoding=\"async\" class=\"img-responsive\" src=\"https:\/\/www.radiosudamericana.com\/notix\/multimedia\/imagenes\/fotos\/2021-04-27\/446302.jpg\" \/><\/a><\/p>\n<p>Es que, de acuerdo a un nuevo e inmenso estudio, el que se cree que es el m\u00e1s grande realizado hasta ahora, muestra unos datos realmente desalentadores. Porque parece que los que logran sobrevivir al Covid-19 tendr\u00edan\u00a0un 60 por ciento m\u00e1s probabilidades de morir en los siguientes 6 meses\u00a0de complicaciones derivadas del paso del virus por el cuerpo.<\/p>\n<p>Se sabe ya, casi con certeza, que muchos sobrevivientes, incluso aquellos que tuvieron casos leves,\u00a0contin\u00faan padeciendo una variedad de problemas de salud\u00a0mucho despu\u00e9s de que la infecci\u00f3n inicial deber\u00eda haberse resuelto.<\/p>\n<p>El nuevo estudio,\u00a0cuyos resultados fueron publicados esta semana en la revista Nature, asegura que los sobrevivientes de Covid-19, que incluye a todos, los hospitalizados y hasta los asintom\u00e1ticos, tienen\u00a0un aumento riesgo de muerte en los seis meses siguientes al diagn\u00f3stico con el virus.<\/p>\n<p><a class=\"fotos-desarrollo unlink\" title=\"Quienes tuvieron covid tienen m\u00e1s posibilidad de morirse dentro de 6 meses\" href=\"https:\/\/www.radiosudamericana.com\/notix\/multimedia\/imagenes\/fotos\/2021-04-27\/537442.jpg\"><img decoding=\"async\" class=\"img-responsive\" src=\"https:\/\/www.radiosudamericana.com\/notix\/multimedia\/imagenes\/fotos\/2021-04-27\/537442.jpg\" \/><\/a><\/p>\n<p>En la investigaci\u00f3n, realizada por la\u00a0Facultad de Medicina de la Universidad de Washington en St. Louis,\u00a0EE.UU.\u00a0los cient\u00edficos catalogaron\u00a0las numerosas enfermedades asociadas al paso del coronavirus, proporcionando una descripci\u00f3n general de las complicaciones a largo plazo y revelando la\u00a0enorme carga que esta enfermedad\u00a0probablemente supondr\u00e1 para la poblaci\u00f3n mundial en los pr\u00f3ximos a\u00f1os.<\/p>\n<p>El estudio es inmenso, de hecho se cree que es el m\u00e1s grande que se realiz\u00f3 hasta ahora:\u00a0involucr\u00f3\u00a0a m\u00e1s de 87 mil pacientes con Covid-19 y casi 5 millones\u00a0de pacientes de control de\u00a0una base de datos federal.<\/p>\n<p>&#8220;Nuestro estudio demuestra que\u00a0hasta seis meses despu\u00e9s del diagn\u00f3stico, el riesgo de muerte incluso despu\u00e9s de un caso leve no es trivial y aumenta con la gravedad de la enfermedad&#8221;, asegur\u00f3 el autor principal, el Dr. Ziyad Al-Aly.<\/p>\n<p><a class=\"fotos-desarrollo unlink\" title=\"Quienes tuvieron covid tienen m\u00e1s posibilidad de morirse dentro de 6 meses\" href=\"https:\/\/www.radiosudamericana.com\/notix\/multimedia\/imagenes\/fotos\/2021-04-27\/841795.jpg\"><img decoding=\"async\" class=\"img-responsive\" src=\"https:\/\/www.radiosudamericana.com\/notix\/multimedia\/imagenes\/fotos\/2021-04-27\/841795.jpg\" \/><\/a><\/p>\n<p>&nbsp;<\/p>\n<p>&#8220;No es una exageraci\u00f3n\u00a0decir que las consecuencias para la salud a largo plazo, es la\u00a0pr\u00f3xima gran crisis de salud de Estados Unidos. Dado que m\u00e1s de 30 millones de estadounidenses han sido infectados con este virus, y que la carga del Covid-19 prolongado es sustancial, los efectos persistentes de esta enfermedad repercutir\u00e1n durante muchos a\u00f1os e incluso d\u00e9cadas&#8221;, agreg\u00f3.<\/p>\n<p>&#8220;Los m\u00e9dicos deben estar atentos al evaluar a las personas que han tenido Covid-19.\u00a0Estos pacientes necesitar\u00e1n atenci\u00f3n integrada y multidisciplinaria&#8221;.<\/p>\n<h2><strong>Efectos secundarios a largo plazo<\/strong><\/h2>\n<p>En el nuevo trabajo, los investigadores pudieron calcular la escala potencial de los problemas vislumbrados por primera vez a partir de informes m\u00e9dicos y estudios m\u00e1s peque\u00f1os que insinuaban los efectos secundarios de gran alcance de sobrevivir al coronavirus\u00a0desde problemas respiratorios y ritmos card\u00edacos irregulares hasta salud mental. problemas y ca\u00edda del cabello.<\/p>\n<p>&#8220;Este estudio difiere de otros que han analizado el Covid-19 durante mucho tiempo porque, en lugar de centrarse solo en las complicaciones neurol\u00f3gicas o cardiovasculares, por ejemplo,\u00a0adoptamos una visi\u00f3n amplia\u00a0y utilizamos las vastas bases de datos de la Administraci\u00f3n de Salud de los Veteranos (VHA) para catalogar todas las enfermedades que pueden serle atribuibles&#8221;, dijo Al-Aly, tambi\u00e9n director del Centro de Epidemiolog\u00eda Cl\u00ednica y jefe del Servicio de Investigaci\u00f3n y Educaci\u00f3n del Sistema de Atenci\u00f3n M\u00e9dica de Asuntos de Veteranos de St. Louis.<\/p>\n<p>Los investigadores demostraron que, despu\u00e9s de sobrevivir a la infecci\u00f3n inicial, los sobrevivientes ten\u00edan un\u00a0riesgo de muerte casi un 60% mayor durante los siguientes seis meses\u00a0en comparaci\u00f3n con la poblaci\u00f3n general.<\/p>\n<p>En la marca de los seis meses, el exceso de muertes entre todos los sobrevivientes se estim\u00f3 en ocho personas por cada 1.000 pacientes. Entre los pacientes que estaban lo suficientemente enfermos como para ser hospitalizados y que sobrevivieron m\u00e1s all\u00e1 de los primeros 30 d\u00edas de la enfermedad,\u00a0hubo 29 muertes por cada 1.000 pacientes durante los siguientes seis meses.<\/p>\n<p><img loading=\"lazy\" decoding=\"async\" class=\"alignnone size-medium wp-image-47461\" src=\"https:\/\/informateesquina.com\/wp-content\/uploads\/2021\/04\/PORTADA-21-1024x612-1-300x179.jpg\" alt=\"\" width=\"300\" height=\"179\" srcset=\"http:\/\/informateesquina.com\/wp-content\/uploads\/2021\/04\/PORTADA-21-1024x612-1-300x179.jpg 300w, http:\/\/informateesquina.com\/wp-content\/uploads\/2021\/04\/PORTADA-21-1024x612-1-768x459.jpg 768w, http:\/\/informateesquina.com\/wp-content\/uploads\/2021\/04\/PORTADA-21-1024x612-1-750x448.jpg 750w, http:\/\/informateesquina.com\/wp-content\/uploads\/2021\/04\/PORTADA-21-1024x612-1.jpg 1024w\" sizes=\"auto, (max-width: 300px) 100vw, 300px\" \/><\/p>\n<p>&#8220;Estas \u00faltimas muertes debidas a complicaciones a largo plazo de la infecci\u00f3n\u00a0no se registran necesariamente como muertes por Covid-19&#8221;, a\u00f1adi\u00f3\u00a0Al-Aly, y continu\u00f3:\u00a0&#8220;En cuanto al n\u00famero total de muertes por la pandemia, estos n\u00fameros sugieren que las muertes que estamos contando debido a la infecci\u00f3n viral inmediata\u00a0son solo la punta del iceberg&#8221;.<\/p>\n<p>Para ayudar a comprender los efectos a largo plazo m\u00e1s graves, los investigadores realizaron un an\u00e1lisis separado de 13,654 pacientes hospitalizados con Covid-19 en comparaci\u00f3n con 13,997 pacientes hospitalizados con gripe estacional.\u00a0Todos los pacientes sobrevivieron al menos 30 d\u00edas despu\u00e9s\u00a0del ingreso hospitalario y el an\u00e1lisis incluy\u00f3 seis meses de datos de seguimiento.<\/p>\n<p>As\u00ed pudieron confirmar que, a pesar de ser inicialmente un virus respiratorio, el Covid-19 prolongado\u00a0puede afectar a casi todos los sistemas de \u00f3rganos del cuerpo.<\/p>\n<p><strong>Los investigadores identificaron problemas de salud importantes reci\u00e9n diagnosticados que persistieron en los pacientes con Covid-19 durante al menos seis meses y que\u00a0afectaron a casi todos los \u00f3rganos y sistema regulador en el organismo, que incluye:<\/strong><\/p>\n<ul>\n<li>Sistema respiratorio:\u00a0tos persistente, dificultad para respirar y niveles bajos de ox\u00edgeno en la sangre.<\/li>\n<li>Sistema nervioso:\u00a0ictus, dolores de cabeza, problemas de memoria y problemas con los sentidos del gusto y el olfato.<\/li>\n<li>Salud mental:\u00a0ansiedad, depresi\u00f3n, problemas de sue\u00f1o y abuso de sustancias.<\/li>\n<li>Metabolismo:\u00a0nueva aparici\u00f3n de diabetes, obesidad y colesterol alto.<\/li>\n<li>Sistema cardiovascular:\u00a0enfermedad coronaria aguda, insuficiencia card\u00edaca, palpitaciones y ritmos card\u00edacos irregulares.<\/li>\n<li>Sistema gastrointestinal:\u00a0estre\u00f1imiento, diarrea y reflujo \u00e1cido.<\/li>\n<li>Ri\u00f1\u00f3n:\u00a0lesi\u00f3n renal aguda y enfermedad renal cr\u00f3nica que, en casos graves, puede requerir di\u00e1lisis.<\/li>\n<li>Regulaci\u00f3n de la coagulaci\u00f3n:\u00a0co\u00e1gulos de sangre en piernas y pulmones.<\/li>\n<li>Piel:\u00a0erupci\u00f3n y ca\u00edda del cabello.<\/li>\n<li>Sistema musculoesquel\u00e9tico:\u00a0dolor articular y debilidad muscular.<\/li>\n<li>Salud general:\u00a0malestar, fatiga y anemia.<\/li>\n<\/ul>\n<p>Si bien ning\u00fan sobreviviente sufri\u00f3 todos estos problemas, muchos desarrollaron\u00a0un conjunto de varios problemas\u00a0que tienen un impacto significativo en la salud y la calidad de vida.<\/p>\n<p><img loading=\"lazy\" decoding=\"async\" class=\"alignnone size-medium wp-image-47445\" src=\"https:\/\/informateesquina.com\/wp-content\/uploads\/2021\/04\/WhatsApp-Image-2020-10-16-at-9.32.31-AM-2-300x179.jpg\" alt=\"\" width=\"300\" height=\"179\" srcset=\"http:\/\/informateesquina.com\/wp-content\/uploads\/2021\/04\/WhatsApp-Image-2020-10-16-at-9.32.31-AM-2-300x179.jpg 300w, http:\/\/informateesquina.com\/wp-content\/uploads\/2021\/04\/WhatsApp-Image-2020-10-16-at-9.32.31-AM-2-1024x612.jpg 1024w, http:\/\/informateesquina.com\/wp-content\/uploads\/2021\/04\/WhatsApp-Image-2020-10-16-at-9.32.31-AM-2-768x459.jpg 768w, http:\/\/informateesquina.com\/wp-content\/uploads\/2021\/04\/WhatsApp-Image-2020-10-16-at-9.32.31-AM-2-750x448.jpg 750w, http:\/\/informateesquina.com\/wp-content\/uploads\/2021\/04\/WhatsApp-Image-2020-10-16-at-9.32.31-AM-2-1140x681.jpg 1140w, http:\/\/informateesquina.com\/wp-content\/uploads\/2021\/04\/WhatsApp-Image-2020-10-16-at-9.32.31-AM-2.jpg 1200w\" sizes=\"auto, (max-width: 300px) 100vw, 300px\" \/><\/p>\n<p>&#8220;En comparaci\u00f3n con la gripe, Covid-19 mostr\u00f3\u00a0una carga de enfermedad notablemente m\u00e1s alta, tanto en la magnitud del riesgo como en la amplitud de la participaci\u00f3n del sistema de \u00f3rganos&#8221;, sostuvo Al-Aly. &#8220;&#8216;Long Covid-19&#8217;\u00a0es m\u00e1s que un s\u00edndrome posviral t\u00edpico. El tama\u00f1o del riesgo de enfermedad y muerte y el grado de afectaci\u00f3n del sistema de \u00f3rganos es mucho mayor que lo que vemos con otros virus respiratorios, como la influenza&#8221;.<\/p>\n<p>Adem\u00e1s, los investigadores encontraron que los riesgos para la salud de sobrevivir al Covid-19\u00a0aumentaban con la gravedad de la enfermedad, y los pacientes hospitalizados que requer\u00edan cuidados intensivos ten\u00edan el mayor riesgo de complicaciones prolongadas y muerte.<\/p>\n<p>&#8220;Algunos de estos problemas pueden mejorar con el tiempo, por ejemplo, la dificultad para respirar y la tos pueden mejorar, y\u00a0algunos problemas pueden empeorar&#8221;, agreg\u00f3 Al-Aly. &#8220;Continuaremos siguiendo a estos pacientes para ayudarnos a comprender los impactos continuos del virus m\u00e1s all\u00e1 de los primeros seis meses despu\u00e9s de la infecci\u00f3n. Estamos a poco m\u00e1s de un a\u00f1o de esta pandemia, por lo que puede haber consecuencias a\u00fan no visible&#8221;.<\/p>\n<p>Fuente:\u00a0ScienceDaily<\/p>\n<\/div>\n","protected":false},"excerpt":{"rendered":"<p>Incluye a los asintom\u00e1ticos y a los que no tuvieron complicaciones. Es de acuerdo al que se cree es el estudio integral m\u00e1s grande de Covid-19 hasta la fecha &nbsp; Superar el\u00a0coronavirus\u00a0es\u00a0motivo de alegr\u00eda y hasta de festejo. El maldito virus nos atemoriza y somete desde hace m\u00e1s de un a\u00f1o y, claro, cuando alguien [&hellip;]<\/p>\n","protected":false},"author":3,"featured_media":47563,"comment_status":"open","ping_status":"open","sticky":false,"template":"","format":"standard","meta":{"footnotes":""},"categories":[7],"tags":[],"class_list":["post-47738","post","type-post","status-publish","format-standard","has-post-thumbnail","hentry","category-nacionales"],"_links":{"self":[{"href":"http:\/\/informateesquina.com\/index.php?rest_route=\/wp\/v2\/posts\/47738","targetHints":{"allow":["GET"]}}],"collection":[{"href":"http:\/\/informateesquina.com\/index.php?rest_route=\/wp\/v2\/posts"}],"about":[{"href":"http:\/\/informateesquina.com\/index.php?rest_route=\/wp\/v2\/types\/post"}],"author":[{"embeddable":true,"href":"http:\/\/informateesquina.com\/index.php?rest_route=\/wp\/v2\/users\/3"}],"replies":[{"embeddable":true,"href":"http:\/\/informateesquina.com\/index.php?rest_route=%2Fwp%2Fv2%2Fcomments&post=47738"}],"version-history":[{"count":0,"href":"http:\/\/informateesquina.com\/index.php?rest_route=\/wp\/v2\/posts\/47738\/revisions"}],"wp:featuredmedia":[{"embeddable":true,"href":"http:\/\/informateesquina.com\/index.php?rest_route=\/wp\/v2\/media\/47563"}],"wp:attachment":[{"href":"http:\/\/informateesquina.com\/index.php?rest_route=%2Fwp%2Fv2%2Fmedia&parent=47738"}],"wp:term":[{"taxonomy":"category","embeddable":true,"href":"http:\/\/informateesquina.com\/index.php?rest_route=%2Fwp%2Fv2%2Fcategories&post=47738"},{"taxonomy":"post_tag","embeddable":true,"href":"http:\/\/informateesquina.com\/index.php?rest_route=%2Fwp%2Fv2%2Ftags&post=47738"}],"curies":[{"name":"wp","href":"https:\/\/api.w.org\/{rel}","templated":true}]}}