{"id":47741,"date":"2021-04-28T03:46:40","date_gmt":"2021-04-28T06:46:40","guid":{"rendered":"https:\/\/informateesquina.com\/?p=47741"},"modified":"2021-04-28T03:46:40","modified_gmt":"2021-04-28T06:46:40","slug":"presos-desfiguraron-a-trompadas-al-femicida-de-analia-maldonado","status":"publish","type":"post","link":"http:\/\/informateesquina.com\/?p=47741","title":{"rendered":"Presos desfiguraron a trompadas al femicida de Anal\u00eda Maldonado"},"content":{"rendered":"<h1><span style=\"color: #333333; font-size: 15px;\">El fisicoculturista Samuel Llanos lleg\u00f3 a la Unidad Penal 49 de la localidad bonaerense de Jun\u00edn con el tabique roto por la brutal agresi\u00f3n de otros detenidos.<\/span><\/h1>\n<div class=\"acciones\"><\/div>\n<div class=\"fotos-y-videos\">\n<div class=\"tab-content\">\n<div id=\"fotos\" class=\"tab-pane fade in active\" role=\"tabpanel\"><a class=\"fotos-desarrollo unlink\" title=\"Presos desfiguraron a trompadas al femicida de Anal\u00eda Maldonado\" href=\"https:\/\/www.radiosudamericana.com\/notix\/multimedia\/imagenes\/fotos\/2021-04-27\/594981.jpg\"><img decoding=\"async\" class=\"img-responsive lazyload center-block\" src=\"https:\/\/www.radiosudamericana.com\/notix\/multimedia\/imagenes\/fotos\/2021-04-27\/594981.jpg\" alt=\"Presos desfiguraron a trompadas al femicida de Anal\u00eda Maldonado\" \/><\/a><\/div>\n<\/div>\n<\/div>\n<div class=\"cuerpo\">\n<p>Samuel Llanos, acusado del femicidio de Anal\u00eda Maldonado en\u00a0Los Toldos,\u00a0fue trasladado a la Unidad Penal 49 de la localidad bonaerense de Jun\u00edn, una c\u00e1rcel que funciona como alcaid\u00eda y que sirve como tr\u00e1nsito de presos para que, luego sean trasladados a otros penales de la Provincia.<\/p>\n<p><strong>El fisicoculturista lleg\u00f3 con el tabique roto tras la brutal paliza con la que lo recibieron en la comisar\u00eda, tras el brutal crimen de\u00a0la\u00a0&#8220;peluquera del pueblo&#8221;,\u00a0cuyo cuerpo fue encontrado carbonizado dentro de una bolsa de\u00a0 arpillera\u00a0en el Camino Real hacia la localidad de\u00a0San Emilio.\u00a0<\/strong><\/p>\n<p>&nbsp;<\/p>\n<p><strong>Los resultados preliminares de la autopsia arrojaron que\u00a0la mujer fue golpeada en la cabeza y estangulada\u00a0hasta morir, para luego quemar su cuerpo.\u00a0<\/strong><\/p>\n<p>Cr\u00f3nica HD\u00a0te muestra im\u00e1genes exclusivas de c\u00f3mo qued\u00f3 Llanos, con la cara ensagrentada y el tabique partido al arribar a la alcaid\u00eda.<\/p>\n<p><a class=\"fotos-desarrollo unlink\" title=\"Presos desfiguraron a trompadas al femicida de Anal\u00eda Maldonado\" href=\"https:\/\/www.radiosudamericana.com\/notix\/multimedia\/imagenes\/fotos\/2021-04-27\/600569.jpg\"><img decoding=\"async\" class=\"img-responsive\" src=\"https:\/\/www.radiosudamericana.com\/notix\/multimedia\/imagenes\/fotos\/2021-04-27\/600569.jpg\" \/><\/a><\/p>\n<p>Seg\u00fan trascendi\u00f3, la defensa del acusado, pedir\u00eda que lo trasladen a un pabell\u00f3n para que est\u00e9 alejado del resto de la poblaci\u00f3n por temor a nuevas represalias.<\/p>\n<p>La imputaci\u00f3n contra Llanos\u00a0por\u00a0&#8220;homicidio agravado por el v\u00ednculo y por ser la v\u00edctima una mujer mediante la violencia de g\u00e9nero (femicidio)&#8221;.<\/p>\n<p><a class=\"fotos-desarrollo unlink\" title=\"Presos desfiguraron a trompadas al femicida de Anal\u00eda Maldonado\" href=\"https:\/\/www.radiosudamericana.com\/notix\/multimedia\/imagenes\/fotos\/2021-04-27\/350307.jpg\"><img decoding=\"async\" class=\"img-responsive\" src=\"https:\/\/www.radiosudamericana.com\/notix\/multimedia\/imagenes\/fotos\/2021-04-27\/350307.jpg\" \/><\/a><\/p>\n<p>Llanos fue capturado este martes en un hotel alojamiento en Luj\u00e1n y se neg\u00f3 a declarar ante el fiscal\u00a0Jos\u00e9 Alvite Galante, titular de la Unidad Funcional de Instrucci\u00f3n (UFI) 3 de Jun\u00edn.<\/p>\n<\/div>\n","protected":false},"excerpt":{"rendered":"<p>El fisicoculturista Samuel Llanos lleg\u00f3 a la Unidad Penal 49 de la localidad bonaerense de Jun\u00edn con el tabique roto por la brutal agresi\u00f3n de otros detenidos. Samuel Llanos, acusado del femicidio de Anal\u00eda Maldonado en\u00a0Los Toldos,\u00a0fue trasladado a la Unidad Penal 49 de la localidad bonaerense de Jun\u00edn, una c\u00e1rcel que funciona como alcaid\u00eda [&hellip;]<\/p>\n","protected":false},"author":3,"featured_media":47742,"comment_status":"open","ping_status":"open","sticky":false,"template":"","format":"standard","meta":{"footnotes":""},"categories":[8],"tags":[],"class_list":["post-47741","post","type-post","status-publish","format-standard","has-post-thumbnail","hentry","category-policiales"],"_links":{"self":[{"href":"http:\/\/informateesquina.com\/index.php?rest_route=\/wp\/v2\/posts\/47741","targetHints":{"allow":["GET"]}}],"collection":[{"href":"http:\/\/informateesquina.com\/index.php?rest_route=\/wp\/v2\/posts"}],"about":[{"href":"http:\/\/informateesquina.com\/index.php?rest_route=\/wp\/v2\/types\/post"}],"author":[{"embeddable":true,"href":"http:\/\/informateesquina.com\/index.php?rest_route=\/wp\/v2\/users\/3"}],"replies":[{"embeddable":true,"href":"http:\/\/informateesquina.com\/index.php?rest_route=%2Fwp%2Fv2%2Fcomments&post=47741"}],"version-history":[{"count":0,"href":"http:\/\/informateesquina.com\/index.php?rest_route=\/wp\/v2\/posts\/47741\/revisions"}],"wp:featuredmedia":[{"embeddable":true,"href":"http:\/\/informateesquina.com\/index.php?rest_route=\/wp\/v2\/media\/47742"}],"wp:attachment":[{"href":"http:\/\/informateesquina.com\/index.php?rest_route=%2Fwp%2Fv2%2Fmedia&parent=47741"}],"wp:term":[{"taxonomy":"category","embeddable":true,"href":"http:\/\/informateesquina.com\/index.php?rest_route=%2Fwp%2Fv2%2Fcategories&post=47741"},{"taxonomy":"post_tag","embeddable":true,"href":"http:\/\/informateesquina.com\/index.php?rest_route=%2Fwp%2Fv2%2Ftags&post=47741"}],"curies":[{"name":"wp","href":"https:\/\/api.w.org\/{rel}","templated":true}]}}