{"id":47746,"date":"2021-04-28T12:50:15","date_gmt":"2021-04-28T15:50:15","guid":{"rendered":"https:\/\/informateesquina.com\/?p=47746"},"modified":"2021-04-28T12:50:15","modified_gmt":"2021-04-28T15:50:15","slug":"recibio-una-descarga-electrica-cayo-de-la-escalera-y-murio","status":"publish","type":"post","link":"http:\/\/informateesquina.com\/?p=47746","title":{"rendered":"Recibi\u00f3 una descarga el\u00e9ctrica, cay\u00f3 de la escalera y muri\u00f3"},"content":{"rendered":"<h1><span style=\"color: #333333; font-size: 15px;\">El m\u00f3vil de Radio Sudamericana inform\u00f3 que ayer en San Cayetano, \u00a0un hombre de 66 a\u00f1os muri\u00f3 tras caer de una escalera luego de recibir una descarga el\u00e9ctrica cuando podaba un \u00e1rbol en su casa. Tras el hecho la v\u00edctima fue trasladada al Hospital Escuela donde se produjo su fallecimiento.<\/span><\/h1>\n<div class=\"fotos-y-videos\">\n<div class=\"tab-content\">\n<div id=\"fotos\" class=\"tab-pane fade in active\" role=\"tabpanel\"><a class=\"fotos-desarrollo unlink\" title=\"Recibi\u00f3 una descarga el\u00e9ctrica, cay\u00f3 de la escalera y muri\u00f3\" href=\"https:\/\/www.radiosudamericana.com\/notix\/multimedia\/imagenes\/fotos\/2021-04-28\/587354.jpg\"><img decoding=\"async\" class=\"img-responsive lazyload center-block\" src=\"https:\/\/www.radiosudamericana.com\/notix\/multimedia\/imagenes\/fotos\/2021-04-28\/587354.jpg\" alt=\"Recibi\u00f3 una descarga el\u00e9ctrica, cay\u00f3 de la escalera y muri\u00f3\" \/><\/a><\/div>\n<\/div>\n<\/div>\n<p>&nbsp;<\/p>\n<div class=\"cuerpo\">\n<p>Ayer en horas de la siesta un hombre de 66 a\u00f1os que se encontraba podando el \u00e1rbol de su casa, se cay\u00f3 de la esclarea sobre la que estaba trabajando tras recibir una descarga el\u00e9ctrica por un tendido el\u00e9ctrico que pasaba por el inmueble.<\/p>\n<p>El hecho ocurri\u00f3 en una propiedad en inmediaciones de la Ruta Nacional N\u00b012, a la altura del km 1019, por el impacto la v\u00edctima fue trasladada al Hospital Escuela\u00a0donde se produjo su fallecimiento.<\/p>\n<\/div>\n","protected":false},"excerpt":{"rendered":"<p>El m\u00f3vil de Radio Sudamericana inform\u00f3 que ayer en San Cayetano, \u00a0un hombre de 66 a\u00f1os muri\u00f3 tras caer de una escalera luego de recibir una descarga el\u00e9ctrica cuando podaba un \u00e1rbol en su casa. Tras el hecho la v\u00edctima fue trasladada al Hospital Escuela donde se produjo su fallecimiento. &nbsp; Ayer en horas de [&hellip;]<\/p>\n","protected":false},"author":3,"featured_media":47747,"comment_status":"open","ping_status":"open","sticky":false,"template":"","format":"standard","meta":{"footnotes":""},"categories":[8],"tags":[],"class_list":["post-47746","post","type-post","status-publish","format-standard","has-post-thumbnail","hentry","category-policiales"],"_links":{"self":[{"href":"http:\/\/informateesquina.com\/index.php?rest_route=\/wp\/v2\/posts\/47746","targetHints":{"allow":["GET"]}}],"collection":[{"href":"http:\/\/informateesquina.com\/index.php?rest_route=\/wp\/v2\/posts"}],"about":[{"href":"http:\/\/informateesquina.com\/index.php?rest_route=\/wp\/v2\/types\/post"}],"author":[{"embeddable":true,"href":"http:\/\/informateesquina.com\/index.php?rest_route=\/wp\/v2\/users\/3"}],"replies":[{"embeddable":true,"href":"http:\/\/informateesquina.com\/index.php?rest_route=%2Fwp%2Fv2%2Fcomments&post=47746"}],"version-history":[{"count":0,"href":"http:\/\/informateesquina.com\/index.php?rest_route=\/wp\/v2\/posts\/47746\/revisions"}],"wp:featuredmedia":[{"embeddable":true,"href":"http:\/\/informateesquina.com\/index.php?rest_route=\/wp\/v2\/media\/47747"}],"wp:attachment":[{"href":"http:\/\/informateesquina.com\/index.php?rest_route=%2Fwp%2Fv2%2Fmedia&parent=47746"}],"wp:term":[{"taxonomy":"category","embeddable":true,"href":"http:\/\/informateesquina.com\/index.php?rest_route=%2Fwp%2Fv2%2Fcategories&post=47746"},{"taxonomy":"post_tag","embeddable":true,"href":"http:\/\/informateesquina.com\/index.php?rest_route=%2Fwp%2Fv2%2Ftags&post=47746"}],"curies":[{"name":"wp","href":"https:\/\/api.w.org\/{rel}","templated":true}]}}