{"id":47752,"date":"2021-04-28T12:57:45","date_gmt":"2021-04-28T15:57:45","guid":{"rendered":"https:\/\/informateesquina.com\/?p=47752"},"modified":"2021-04-28T12:57:45","modified_gmt":"2021-04-28T15:57:45","slug":"le-conto-a-sus-companeros-que-abusaba-de-su-hijastra-y-lo-denunciaron","status":"publish","type":"post","link":"http:\/\/informateesquina.com\/?p=47752","title":{"rendered":"Le cont\u00f3 a sus compa\u00f1eros que abusaba de su hijastra y lo denunciaron"},"content":{"rendered":"<h1><span style=\"color: #333333; font-size: 15px;\">El caso ocurri\u00f3 en Jard\u00edn Am\u00e9rica, Misiones. El agresor tiene 50 a\u00f1os y la hija de su pareja 12.<\/span><\/h1>\n<div class=\"fotos-y-videos\">\n<p>&nbsp;<\/p>\n<div class=\"tab-content\">\n<div id=\"fotos\" class=\"tab-pane fade in active\" role=\"tabpanel\"><a class=\"fotos-desarrollo unlink\" title=\"Cont\u00f3 a compa\u00f1eros que abusaba de su hijastra y lo denunciaron\" href=\"https:\/\/www.radiosudamericana.com\/notix\/multimedia\/imagenes\/fotos\/2021-04-28\/225724.jpg\"><img decoding=\"async\" class=\"img-responsive lazyload center-block\" src=\"https:\/\/www.radiosudamericana.com\/notix\/multimedia\/imagenes\/fotos\/2021-04-28\/225724.jpg\" alt=\"Cont\u00f3 a compa\u00f1eros que abusaba de su hijastra y lo denunciaron\" \/><\/a><\/div>\n<\/div>\n<\/div>\n<p>&nbsp;<\/p>\n<div class=\"cuerpo\">\n<p><strong>Un hombre de 50 a\u00f1os que\u00a0sol\u00eda contarles a sus compa\u00f1eros de trabajo sobre los abusos sexuales a los que somet\u00eda a su hijastra\u00a0termin\u00f3 detenido luego de que sus colegas lo filmaran y lo denunciaran ante la Justicia.<\/strong><\/p>\n<p>El aberrante hecho ocurri\u00f3 en la ciudad de Jard\u00edn Am\u00e9rica,\u00a0Misiones, y\u00a0<strong>ahora la Justicia intenta establecer si la madre de la nena estaba al tanto de las violaciones contra la menor, que\u00a0tiene 12 a\u00f1os y un retraso madurativo.<\/strong><\/p>\n<p>La investigaci\u00f3n se inici\u00f3 luego de que los\u00a0obreros de un aserradero decidieron grabar con un celular a un compa\u00f1ero\u00a0-identificado como\u00a0Ram\u00f3n D.- que habitualmente alardeaba acerca de c\u00f3mo abusaba de la hija de su pareja. Los relatos fueron enviados a un trabajador social, que impuls\u00f3 una denuncia ante la Comisar\u00eda de la Mujer local.<\/p>\n<p>Seg\u00fan inform\u00f3\u00a0Clar\u00edn, la investigaci\u00f3n preliminar permiti\u00f3 establecer que la nena asist\u00eda a una escuela especial de Jard\u00edn Am\u00e9rica, donde habitualmente\u00a0no se integraba con el resto de los chicos y sol\u00eda aislarse en una hamaca,\u00a0cabizbaja y poco demostrativa, con un \u201ccomportamiento no habitual\u201d.<\/p>\n<p>El juez de Instrucci\u00f3n Roberto Sena orden\u00f3 la detenci\u00f3n del acusado, un hombre de 50 a\u00f1os que resid\u00eda en Buenos Aires y retorn\u00f3 a Jard\u00edn Am\u00e9rica a principios de este a\u00f1o junto a su pareja y la hija de ella.<\/p>\n<p><strong>El acusado\u00a0trabajaba en un aserradero de la zona desde hac\u00eda dos meses\u00a0y fueron sus propios compa\u00f1eros, indignados, los que se contactaron con el licenciado en trabajo social e integrante del \u00e1rea de Acci\u00f3n Social de la Municipalidad,\u00a0Cristian S\u00e1nchez.<\/strong><\/p>\n<p>Con una orden judicial, los investigadores llegaron hasta la vivienda donde resid\u00eda la v\u00edctima, una casa prestada por el propietario del aserradero lindante al arroyo Tabay. All\u00ed comprobaron que, pese a su edad,\u00a0la nena a\u00fan compart\u00eda cama con sus padres.\u00a0En el lugar tambi\u00e9n vive una abuela de la nena.<\/p>\n<p>Desde el Juzgado dispusieron que un equipo especial realice una revisi\u00f3n m\u00e9dica a la nena para confirmar los hechos relatados por su padrastro.\u00a0Luego dispondr\u00eda una declaraci\u00f3n en C\u00e1mara Gesell.<\/p>\n<p>Seg\u00fan trascendi\u00f3 en medios locales en base a testimonios de la investigaci\u00f3n sobre audios de celulares,\u00a0la madre de la menor ten\u00eda conocimiento de la situaci\u00f3n, por lo que no se descarta que la Justicia tambi\u00e9n detenga a la mujer por el caso de abuso.<\/p>\n<p>Jard\u00edn Am\u00e9rica se encuentra ubicada 104 kil\u00f3metros al noreste de Posadas, la capital provincial.<\/p>\n<p>Fuente: TN<\/p>\n<\/div>\n","protected":false},"excerpt":{"rendered":"<p>El caso ocurri\u00f3 en Jard\u00edn Am\u00e9rica, Misiones. El agresor tiene 50 a\u00f1os y la hija de su pareja 12. &nbsp; &nbsp; Un hombre de 50 a\u00f1os que\u00a0sol\u00eda contarles a sus compa\u00f1eros de trabajo sobre los abusos sexuales a los que somet\u00eda a su hijastra\u00a0termin\u00f3 detenido luego de que sus colegas lo filmaran y lo denunciaran [&hellip;]<\/p>\n","protected":false},"author":3,"featured_media":47753,"comment_status":"open","ping_status":"open","sticky":false,"template":"","format":"standard","meta":{"footnotes":""},"categories":[8],"tags":[],"class_list":["post-47752","post","type-post","status-publish","format-standard","has-post-thumbnail","hentry","category-policiales"],"_links":{"self":[{"href":"http:\/\/informateesquina.com\/index.php?rest_route=\/wp\/v2\/posts\/47752","targetHints":{"allow":["GET"]}}],"collection":[{"href":"http:\/\/informateesquina.com\/index.php?rest_route=\/wp\/v2\/posts"}],"about":[{"href":"http:\/\/informateesquina.com\/index.php?rest_route=\/wp\/v2\/types\/post"}],"author":[{"embeddable":true,"href":"http:\/\/informateesquina.com\/index.php?rest_route=\/wp\/v2\/users\/3"}],"replies":[{"embeddable":true,"href":"http:\/\/informateesquina.com\/index.php?rest_route=%2Fwp%2Fv2%2Fcomments&post=47752"}],"version-history":[{"count":0,"href":"http:\/\/informateesquina.com\/index.php?rest_route=\/wp\/v2\/posts\/47752\/revisions"}],"wp:featuredmedia":[{"embeddable":true,"href":"http:\/\/informateesquina.com\/index.php?rest_route=\/wp\/v2\/media\/47753"}],"wp:attachment":[{"href":"http:\/\/informateesquina.com\/index.php?rest_route=%2Fwp%2Fv2%2Fmedia&parent=47752"}],"wp:term":[{"taxonomy":"category","embeddable":true,"href":"http:\/\/informateesquina.com\/index.php?rest_route=%2Fwp%2Fv2%2Fcategories&post=47752"},{"taxonomy":"post_tag","embeddable":true,"href":"http:\/\/informateesquina.com\/index.php?rest_route=%2Fwp%2Fv2%2Ftags&post=47752"}],"curies":[{"name":"wp","href":"https:\/\/api.w.org\/{rel}","templated":true}]}}