{"id":51411,"date":"2021-11-29T19:10:32","date_gmt":"2021-11-29T22:10:32","guid":{"rendered":"https:\/\/informateesquina.com\/?p=51411"},"modified":"2021-11-29T19:10:32","modified_gmt":"2021-11-29T22:10:32","slug":"corrientes-este-es-el-geriatrico-trucho-que-funcionaba-en-pleno-centro","status":"publish","type":"post","link":"http:\/\/informateesquina.com\/?p=51411","title":{"rendered":"Corrientes: este es el geri\u00e1trico trucho que funcionaba en pleno centro"},"content":{"rendered":"<p>El fin de semana efectivos de la Polic\u00eda de Corrientes procedieron al allanamiento de una propiedad ubicada sobre avenida Ferr\u00e9 las 1643, el cual hab\u00eda sido denunciado como un geri\u00e1trico trucho.<\/p>\n<p><a class=\"fotos-desarrollo unlink\" title=\"Corrientes: este es el geri\u00e1trico trucho que funcionaba en pleno centro \" href=\"https:\/\/www.radiosudamericana.com\/notix\/multimedia\/imagenes\/fotos\/2021-11-29\/522705.jpg\"><img decoding=\"async\" class=\"img-responsive\" src=\"https:\/\/www.radiosudamericana.com\/notix\/multimedia\/imagenes\/fotos\/2021-11-29\/522705.jpg_nota.jpg\" \/><\/a><\/p>\n<p>Ante la presencia policial desde la entidad que cuidaba a adultos mayores no pudieron constatar que ten\u00edan la correspondiente habilitaci\u00f3n para ejercer el servicio que prestaban.<\/p>\n<p>&nbsp;<\/p>\n<div id=\"embeds\" class=\"inser center-block\"><iframe loading=\"lazy\" src=\"https:\/\/www.google.com\/maps\/embed?pb=!4v1638186226326!6m8!1m7!1sDIJ9t4gpv3O-ITMiJOgBjA!2m2!1d-27.47633192456788!2d-58.83078374195946!3f348.76220499750326!4f-11.208697431068273!5f0.9008280070086531\" width=\"600\" height=\"450\" allowfullscreen=\"allowfullscreen\" data-mce-fragment=\"1\"><\/iframe><\/div>\n<p>&nbsp;<\/p>\n<p>Por tal motivo autoridades del Ministerio de Salud P\u00fablica de la provincia trasladaron\u00a0a tres personas de 70, 80 y 95 a\u00f1os al Hospital Geri\u00e1trico ubicado por calle Belgrano de esta ciudad.<\/p>\n<p>&nbsp;<\/p>\n<p><em><strong>Con informaci\u00f3n de El Litoral<\/strong><\/em><\/p>\n","protected":false},"excerpt":{"rendered":"<p>El fin de semana efectivos de la Polic\u00eda de Corrientes procedieron al allanamiento de una propiedad ubicada sobre avenida Ferr\u00e9 las 1643, el cual hab\u00eda sido denunciado como un geri\u00e1trico trucho. Ante la presencia policial desde la entidad que cuidaba a adultos mayores no pudieron constatar que ten\u00edan la correspondiente habilitaci\u00f3n para ejercer el servicio [&hellip;]<\/p>\n","protected":false},"author":3,"featured_media":51413,"comment_status":"open","ping_status":"open","sticky":false,"template":"","format":"standard","meta":{"footnotes":""},"categories":[8,10,11],"tags":[],"class_list":["post-51411","post","type-post","status-publish","format-standard","has-post-thumbnail","hentry","category-policiales","category-provinciales","category-sociedad"],"_links":{"self":[{"href":"http:\/\/informateesquina.com\/index.php?rest_route=\/wp\/v2\/posts\/51411","targetHints":{"allow":["GET"]}}],"collection":[{"href":"http:\/\/informateesquina.com\/index.php?rest_route=\/wp\/v2\/posts"}],"about":[{"href":"http:\/\/informateesquina.com\/index.php?rest_route=\/wp\/v2\/types\/post"}],"author":[{"embeddable":true,"href":"http:\/\/informateesquina.com\/index.php?rest_route=\/wp\/v2\/users\/3"}],"replies":[{"embeddable":true,"href":"http:\/\/informateesquina.com\/index.php?rest_route=%2Fwp%2Fv2%2Fcomments&post=51411"}],"version-history":[{"count":0,"href":"http:\/\/informateesquina.com\/index.php?rest_route=\/wp\/v2\/posts\/51411\/revisions"}],"wp:featuredmedia":[{"embeddable":true,"href":"http:\/\/informateesquina.com\/index.php?rest_route=\/wp\/v2\/media\/51413"}],"wp:attachment":[{"href":"http:\/\/informateesquina.com\/index.php?rest_route=%2Fwp%2Fv2%2Fmedia&parent=51411"}],"wp:term":[{"taxonomy":"category","embeddable":true,"href":"http:\/\/informateesquina.com\/index.php?rest_route=%2Fwp%2Fv2%2Fcategories&post=51411"},{"taxonomy":"post_tag","embeddable":true,"href":"http:\/\/informateesquina.com\/index.php?rest_route=%2Fwp%2Fv2%2Ftags&post=51411"}],"curies":[{"name":"wp","href":"https:\/\/api.w.org\/{rel}","templated":true}]}}