{"id":51419,"date":"2021-11-29T19:19:00","date_gmt":"2021-11-29T22:19:00","guid":{"rendered":"https:\/\/informateesquina.com\/?p=51419"},"modified":"2021-11-29T19:19:00","modified_gmt":"2021-11-29T22:19:00","slug":"crimen-de-lucas-gonzalez-se-entrego-la-correntina-profuga","status":"publish","type":"post","link":"http:\/\/informateesquina.com\/?p=51419","title":{"rendered":"Crimen de Lucas Gonz\u00e1lez: Se entreg\u00f3 la correntina pr\u00f3fuga"},"content":{"rendered":"<div>\n<p>Se entreg\u00f3 este lunes\u00a0Lorena Mi\u00f1o, la polic\u00eda de la Ciudad de Buenos Aires acusada de encubrir\u00a0el crimen del\u00a0futbolista juvenil de Barracas Central Lucas Gonz\u00e1lez. En las \u00faltimas horas, cuando todav\u00eda permanec\u00eda pr\u00f3fuga de la justicia, la oficial grab\u00f3 un video donde asegur\u00f3 entre l\u00e1grimas que no est\u00e1 involucrada en el asesinato. \u201cYo no tuve nada que ver\u201d, afirm\u00f3.<\/p>\n<p>La agente Mi\u00f1o dijo adem\u00e1s lamentar la \u201cp\u00e9rdida\u201d. Lucas Gonz\u00e1lez fue asesinado el 17 de noviembre cuando sal\u00eda de entrenar, junto a un grupo de amigos, en el club Barracas Central, donde jugada.<\/p>\n<p><img loading=\"lazy\" decoding=\"async\" class=\"alignnone wp-image-51421 size-full\" src=\"https:\/\/informateesquina.com\/wp-content\/uploads\/2021\/11\/Lucas-Gonzalez-Mama.jpg\" alt=\"\" width=\"730\" height=\"487\" srcset=\"http:\/\/informateesquina.com\/wp-content\/uploads\/2021\/11\/Lucas-Gonzalez-Mama.jpg 730w, http:\/\/informateesquina.com\/wp-content\/uploads\/2021\/11\/Lucas-Gonzalez-Mama-300x200.jpg 300w\" sizes=\"auto, (max-width: 730px) 100vw, 730px\" \/><\/p>\n<p>El video fue divulgado por el abogado\u00a0Roberto Castillo. A lo largo de la filmaci\u00f3n, la mujer se mostr\u00f3 quebrada y dijo que por culpa de tres polic\u00edas \u201cque hicieron todo mal\u201d se encuentra vinculada a la causa. Por el caso\u00a0est\u00e1n detenidos hasta ahora ocho efectivos, tres por el homicidio y cinco por encubrimiento.<\/p>\n<p>\u201dBuenas tardes, mi nombre es Lorena, perteneciente a la Polic\u00eda de la Ciudad, estoy en Barracas, en la (comisar\u00eda) 4D\u201d, dijo Mi\u00f1o en el comienzo del video, en el que se la ve sentada junto al letrado y\u00a0llorando de manera permanente.<\/p>\n<p>La polic\u00eda relat\u00f3 lo que, seg\u00fan ella, sucedi\u00f3 aquel mi\u00e9rcoles cerca de las 09:50 de la ma\u00f1ana, cuando recibi\u00f3 un aviso \u201cde un enfrentamiento armado con la Brigada de Polic\u00eda de la Ciudad en Iriarte y V\u00e9lez Sarsfield\u201d.<\/p>\n<p>\u201dEran cuatro masculinos armados d\u00e1ndose a la fuga en una (Volkswagen) Suran azul, lo cual con mi compa\u00f1era fuimos sobre (la calle) Alvarado en ayuda de mis compa\u00f1eros y cuando llegamos a Alvarado y Perdriel ya estaba la Suran estacionada. Se les pidi\u00f3 que descienda al chofer del veh\u00edculo (\u2026) los chicos ya estaban abajo, uno se da a la fuga y los compa\u00f1eros dec\u00edan \u00b4le dispararon a mi amigo,\u00a0no dijeron que eran polic\u00edas, eran chorros\u00b4\u201d, record\u00f3.<\/p>\n<p>Mi\u00f1o, oriunda de la provincia de Corrientes, dijo que hace tres a\u00f1os vino a Buenos Aires \u201cen busca de un futuro para ayudar\u201d a su familia y que tras el hecho est\u00e1 pasando \u201cun mal momento\u201d.<\/p>\n<p><img loading=\"lazy\" decoding=\"async\" class=\"alignnone wp-image-51422 size-full\" src=\"https:\/\/informateesquina.com\/wp-content\/uploads\/2021\/11\/lucas-gonzalez-amigos-1jpg.jpg\" alt=\"\" width=\"1200\" height=\"900\" srcset=\"http:\/\/informateesquina.com\/wp-content\/uploads\/2021\/11\/lucas-gonzalez-amigos-1jpg.jpg 1200w, http:\/\/informateesquina.com\/wp-content\/uploads\/2021\/11\/lucas-gonzalez-amigos-1jpg-300x225.jpg 300w, http:\/\/informateesquina.com\/wp-content\/uploads\/2021\/11\/lucas-gonzalez-amigos-1jpg-1024x768.jpg 1024w, http:\/\/informateesquina.com\/wp-content\/uploads\/2021\/11\/lucas-gonzalez-amigos-1jpg-768x576.jpg 768w, http:\/\/informateesquina.com\/wp-content\/uploads\/2021\/11\/lucas-gonzalez-amigos-1jpg-750x563.jpg 750w, http:\/\/informateesquina.com\/wp-content\/uploads\/2021\/11\/lucas-gonzalez-amigos-1jpg-1140x855.jpg 1140w\" sizes=\"auto, (max-width: 1200px) 100vw, 1200px\" \/><\/p>\n<p>\u201dSe siente el odio de la gente, por tres personas que hicieron algo mal. No todos son iguales,\u00a0no todos hacemos lo mismo, yo no tengo nada que ver con lo que pas\u00f3\u201d, agreg\u00f3.<\/p>\n<p>El juez de Instrucci\u00f3n porte\u00f1o Mart\u00edn Del Viso\u00a0le neg\u00f3 a Mi\u00f1o la eximici\u00f3n de prisi\u00f3n\u00a0que hab\u00eda presentado mientras estaba pr\u00f3fuga.<\/p>\n<p>Adem\u00e1s de Mi\u00f1o, se encuentran acusados de encubrimiento y detenidos el comisario\u00a0Juan Romero\u00a0y el subcomisario\u00a0Roberto Inca, a cargo de la Divisi\u00f3n Sumarios y Brigadas de la Comisar\u00eda Comunal 4; y el comisario\u00a0Fabi\u00e1n Du Santos, el principal\u00a0H\u00e9ctor Cuevas\u00a0y la oficial\u00a0Micaela Fari\u00f1a, todos efectivos de la Comisar\u00eda Vecinal 4D de la Polic\u00eda de la Ciudad.\u00a0Todos ellos ser\u00e1n indagados este lunes.<\/p>\n<p>Los acusados del homicidio de Lucas son el inspector\u00a0Gabriel Alejandro Isassi, el oficial mayor\u00a0Fabi\u00e1n Andr\u00e9s L\u00f3pez\u00a0y el oficial\u00a0Juan Jos\u00e9 Nieva,\u00a0que se encuentran detenidos por \u201chomicidio doblemente agravado por haber sido cometido por miembros de las fuerzas policiales abusando de sus funciones y con alevos\u00eda; falsedad ideol\u00f3gica y la privaci\u00f3n ilegal de la libertad\u201d.<\/p>\n<\/div>\n","protected":false},"excerpt":{"rendered":"<p>Se entreg\u00f3 este lunes\u00a0Lorena Mi\u00f1o, la polic\u00eda de la Ciudad de Buenos Aires acusada de encubrir\u00a0el crimen del\u00a0futbolista juvenil de Barracas Central Lucas Gonz\u00e1lez. En las \u00faltimas horas, cuando todav\u00eda permanec\u00eda pr\u00f3fuga de la justicia, la oficial grab\u00f3 un video donde asegur\u00f3 entre l\u00e1grimas que no est\u00e1 involucrada en el asesinato. \u201cYo no tuve nada [&hellip;]<\/p>\n","protected":false},"author":3,"featured_media":51420,"comment_status":"open","ping_status":"open","sticky":false,"template":"","format":"standard","meta":{"footnotes":""},"categories":[8,11],"tags":[],"class_list":["post-51419","post","type-post","status-publish","format-standard","has-post-thumbnail","hentry","category-policiales","category-sociedad"],"_links":{"self":[{"href":"http:\/\/informateesquina.com\/index.php?rest_route=\/wp\/v2\/posts\/51419","targetHints":{"allow":["GET"]}}],"collection":[{"href":"http:\/\/informateesquina.com\/index.php?rest_route=\/wp\/v2\/posts"}],"about":[{"href":"http:\/\/informateesquina.com\/index.php?rest_route=\/wp\/v2\/types\/post"}],"author":[{"embeddable":true,"href":"http:\/\/informateesquina.com\/index.php?rest_route=\/wp\/v2\/users\/3"}],"replies":[{"embeddable":true,"href":"http:\/\/informateesquina.com\/index.php?rest_route=%2Fwp%2Fv2%2Fcomments&post=51419"}],"version-history":[{"count":0,"href":"http:\/\/informateesquina.com\/index.php?rest_route=\/wp\/v2\/posts\/51419\/revisions"}],"wp:featuredmedia":[{"embeddable":true,"href":"http:\/\/informateesquina.com\/index.php?rest_route=\/wp\/v2\/media\/51420"}],"wp:attachment":[{"href":"http:\/\/informateesquina.com\/index.php?rest_route=%2Fwp%2Fv2%2Fmedia&parent=51419"}],"wp:term":[{"taxonomy":"category","embeddable":true,"href":"http:\/\/informateesquina.com\/index.php?rest_route=%2Fwp%2Fv2%2Fcategories&post=51419"},{"taxonomy":"post_tag","embeddable":true,"href":"http:\/\/informateesquina.com\/index.php?rest_route=%2Fwp%2Fv2%2Ftags&post=51419"}],"curies":[{"name":"wp","href":"https:\/\/api.w.org\/{rel}","templated":true}]}}