{"id":51461,"date":"2021-12-01T22:30:33","date_gmt":"2021-12-02T01:30:33","guid":{"rendered":"https:\/\/informateesquina.com\/?p=51461"},"modified":"2021-12-01T22:31:48","modified_gmt":"2021-12-02T01:31:48","slug":"el-correntino-paso-a-la-final-del-reality-internacional-de-cuchillos","status":"publish","type":"post","link":"http:\/\/informateesquina.com\/?p=51461","title":{"rendered":"El correntino pas\u00f3 a la final del reality internacional de cuchillos"},"content":{"rendered":"<p>&#8220;D\u00edganme que lo viernon! 100 puntos para m\u00ed. Directo a la final&#8221;, expres\u00f3 en sus redes sociales el libre\u00f1o que forja cuchillos con fuego.<\/p>\n<p>De esta manera, el profesional est\u00e1 cada vez m\u00e1s cerca del premio de 10 mil d\u00f3lares que otorga el reality.<\/p>\n<p>Facundo Fad\u00f3n, de 20 a\u00f1os, es el forjador m\u00e1s joven de la competencia y salt\u00f3 a la pantalla internacional gracias a su oficio.<\/p>\n<p>El libre\u00f1o tiene un emprendimiento de fabricaci\u00f3n de cuchillos, que dej\u00f3 moment\u00e1neamente para ir a la Ciudad de M\u00e9xico para grabar los cap\u00edtulos de la competencia.<\/p>\n<div style=\"right: 0; width: 246px; height: 90px; background: initial;\"><\/div>\n","protected":false},"excerpt":{"rendered":"<p>&#8220;D\u00edganme que lo viernon! 100 puntos para m\u00ed. Directo a la final&#8221;, expres\u00f3 en sus redes sociales el libre\u00f1o que forja cuchillos con fuego. De esta manera, el profesional est\u00e1 cada vez m\u00e1s cerca del premio de 10 mil d\u00f3lares que otorga el reality. Facundo Fad\u00f3n, de 20 a\u00f1os, es el forjador m\u00e1s joven de [&hellip;]<\/p>\n","protected":false},"author":3,"featured_media":51462,"comment_status":"open","ping_status":"open","sticky":false,"template":"","format":"standard","meta":{"footnotes":""},"categories":[11],"tags":[],"class_list":["post-51461","post","type-post","status-publish","format-standard","has-post-thumbnail","hentry","category-sociedad"],"_links":{"self":[{"href":"http:\/\/informateesquina.com\/index.php?rest_route=\/wp\/v2\/posts\/51461","targetHints":{"allow":["GET"]}}],"collection":[{"href":"http:\/\/informateesquina.com\/index.php?rest_route=\/wp\/v2\/posts"}],"about":[{"href":"http:\/\/informateesquina.com\/index.php?rest_route=\/wp\/v2\/types\/post"}],"author":[{"embeddable":true,"href":"http:\/\/informateesquina.com\/index.php?rest_route=\/wp\/v2\/users\/3"}],"replies":[{"embeddable":true,"href":"http:\/\/informateesquina.com\/index.php?rest_route=%2Fwp%2Fv2%2Fcomments&post=51461"}],"version-history":[{"count":0,"href":"http:\/\/informateesquina.com\/index.php?rest_route=\/wp\/v2\/posts\/51461\/revisions"}],"wp:featuredmedia":[{"embeddable":true,"href":"http:\/\/informateesquina.com\/index.php?rest_route=\/wp\/v2\/media\/51462"}],"wp:attachment":[{"href":"http:\/\/informateesquina.com\/index.php?rest_route=%2Fwp%2Fv2%2Fmedia&parent=51461"}],"wp:term":[{"taxonomy":"category","embeddable":true,"href":"http:\/\/informateesquina.com\/index.php?rest_route=%2Fwp%2Fv2%2Fcategories&post=51461"},{"taxonomy":"post_tag","embeddable":true,"href":"http:\/\/informateesquina.com\/index.php?rest_route=%2Fwp%2Fv2%2Ftags&post=51461"}],"curies":[{"name":"wp","href":"https:\/\/api.w.org\/{rel}","templated":true}]}}