{"id":51465,"date":"2021-12-01T22:35:14","date_gmt":"2021-12-02T01:35:14","guid":{"rendered":"https:\/\/informateesquina.com\/?p=51465"},"modified":"2021-12-01T22:35:14","modified_gmt":"2021-12-02T01:35:14","slug":"detectaron-10-nuevos-casos-de-la-variante-delta-en-corrientes","status":"publish","type":"post","link":"http:\/\/informateesquina.com\/?p=51465","title":{"rendered":"Detectaron 10 nuevos casos de la variante Delta en Corrientes"},"content":{"rendered":"<header class=\"header-interior\"><\/header>\n<div class=\"cont-nota\">\n<article class=\"cont-cuerpo\">\n<div class=\"seguinos\">\n<div class=\"redes-seguinos\"><\/div>\n<\/div>\n<div class=\"cont-foto\">\n<figure class=\"nota-foto \"><img decoding=\"async\" title=\"\" src=\"https:\/\/www.corrienteshoy.com\/galeria\/fotos\/2021\/12\/01\/l_1638405110.jpg\" alt=\"\" data-src=\"\/images\/lazy.png\" \/><\/figure>\n<\/div>\n<div class=\"banner banner banner-728\">\n<div id=\"banner-ad-interior-nota\" data-slot=\"ctesinteriornotafoto\"><\/div>\n<\/div>\n<div class=\"banner banner banner-728 banner-hide\"><\/div>\n<div class=\"herramientas is-fixed\">\n<div class=\"advthis\">El Ministerio de Salud P\u00fablica de la Provincia, a trav\u00e9s de la Direcci\u00f3n general de Epidemiolog\u00eda, informa que se detectaron otros 10 casos de la variante Delta del SARS-CoV-2, con lo cual ya son 28 los casos de esa mutaci\u00f3n registrados en Corrientes. Se trata de 4 personas de Ituzaing\u00f3; 1, de Liebig; 1, de Curuz\u00fa Cuati\u00e1; 1, de Empedrado; 1, de Saladas; 1 de Santa Rosa; y 1, de Tabay.<\/div>\n<\/div>\n<section class=\"texto\">\n\u201cEsto es producto de la vigilancia intensificada que realizamos todos los d\u00edas desde Salud P\u00fablica en toda la provincia. Las muestras se procesan en el Laboratorio Central de la Provincia mediante una t\u00e9cnica PCR enviada por el Instituto Malbr\u00e1n que identifica si la muestra es variante Delta o no, es una prueba espec\u00edfica para esta variante\u201d, dijo la directora general de Epidemiolog\u00eda, Angelina Bobadilla.<\/p>\n<p>Por \u00faltimo, Bobadilla insisti\u00f3 en la importancia de continuar con las medidas preventivas como \u201cel lavado de manos, el uso de barbijos y el distanciamiento social en espacios cerrados. Son cuidados que siempre debemos tener presente para evitar que esta enfermedad se siga propagando\u201d.<\/p>\n<\/section>\n<\/article>\n<\/div>\n","protected":false},"excerpt":{"rendered":"<p>El Ministerio de Salud P\u00fablica de la Provincia, a trav\u00e9s de la Direcci\u00f3n general de Epidemiolog\u00eda, informa que se detectaron otros 10 casos de la variante Delta del SARS-CoV-2, con lo cual ya son 28 los casos de esa mutaci\u00f3n registrados en Corrientes. Se trata de 4 personas de Ituzaing\u00f3; 1, de Liebig; 1, de [&hellip;]<\/p>\n","protected":false},"author":3,"featured_media":49614,"comment_status":"open","ping_status":"open","sticky":false,"template":"","format":"standard","meta":{"footnotes":""},"categories":[11],"tags":[136],"class_list":["post-51465","post","type-post","status-publish","format-standard","has-post-thumbnail","hentry","category-sociedad","tag-destacados"],"_links":{"self":[{"href":"http:\/\/informateesquina.com\/index.php?rest_route=\/wp\/v2\/posts\/51465","targetHints":{"allow":["GET"]}}],"collection":[{"href":"http:\/\/informateesquina.com\/index.php?rest_route=\/wp\/v2\/posts"}],"about":[{"href":"http:\/\/informateesquina.com\/index.php?rest_route=\/wp\/v2\/types\/post"}],"author":[{"embeddable":true,"href":"http:\/\/informateesquina.com\/index.php?rest_route=\/wp\/v2\/users\/3"}],"replies":[{"embeddable":true,"href":"http:\/\/informateesquina.com\/index.php?rest_route=%2Fwp%2Fv2%2Fcomments&post=51465"}],"version-history":[{"count":0,"href":"http:\/\/informateesquina.com\/index.php?rest_route=\/wp\/v2\/posts\/51465\/revisions"}],"wp:featuredmedia":[{"embeddable":true,"href":"http:\/\/informateesquina.com\/index.php?rest_route=\/wp\/v2\/media\/49614"}],"wp:attachment":[{"href":"http:\/\/informateesquina.com\/index.php?rest_route=%2Fwp%2Fv2%2Fmedia&parent=51465"}],"wp:term":[{"taxonomy":"category","embeddable":true,"href":"http:\/\/informateesquina.com\/index.php?rest_route=%2Fwp%2Fv2%2Fcategories&post=51465"},{"taxonomy":"post_tag","embeddable":true,"href":"http:\/\/informateesquina.com\/index.php?rest_route=%2Fwp%2Fv2%2Ftags&post=51465"}],"curies":[{"name":"wp","href":"https:\/\/api.w.org\/{rel}","templated":true}]}}